{"id":165,"date":"2025-07-31T11:04:04","date_gmt":"2025-07-31T14:04:04","guid":{"rendered":"https:\/\/cromaoncologia.com.br\/blog\/?p=165"},"modified":"2026-04-13T23:57:12","modified_gmt":"2026-04-14T02:57:12","slug":"cancerdepele","status":"publish","type":"post","link":"https:\/\/cromaoncologia.com.br\/sobre-o-cancer\/cancerdepele\/","title":{"rendered":"Quais s\u00e3o os sintomas de c\u00e2ncer de pele e como evit\u00e1-lo"},"content":{"rendered":"<p><span style=\"font-weight: 400;\">Para muitas pessoas, a descoberta come\u00e7a com um detalhe que parecia inofensivo: uma pinta que mudou de cor, uma ferida que n\u00e3o cicatriza, uma coceira que persiste sem motivo claro. Pequenos sinais que, com o tempo, ganham significado: <\/span><b>c\u00e2ncer de pele.<\/b><\/p>\n<p><span style=\"font-weight: 400;\">Esse \u00e9 o <a href=\"https:\/\/cromaoncologia.com.br\/sobre-o-cancer\/tipos-de-cancer\/\">tipo de c\u00e2ncer<\/a> mais frequente no Brasil, respons\u00e1vel por <\/span><a href=\"https:\/\/www.inca.gov.br\/es\/taxonomy\/term\/758\"><span style=\"font-weight: 400;\">cerca de 30%<\/span><\/a><span style=\"font-weight: 400;\"> de todos os tumores malignos registrados no pa\u00eds, incluindo o melanoma \u2014 uma das formas mais agressivas da doen\u00e7a.<\/span><\/p>\n<p><span style=\"font-weight: 400;\">Mesmo sendo comum, o c\u00e2ncer de pele ainda \u00e9 subestimado por muitos.\u00a0<\/span><\/p>\n<p><span style=\"font-weight: 400;\">Entender seus sintomas e saber como agir diante deles \u00e9 essencial para cuidar de si com mais consci\u00eancia e tranquilidade.<\/span><\/p>\n<p><span style=\"font-weight: 400;\">Neste conte\u00fado, vamos apresentar os principais <\/span><b>sintomas de c\u00e2ncer de pele<\/b><span style=\"font-weight: 400;\">, os sinais que merecem aten\u00e7\u00e3o, os cuidados que ajudam na preven\u00e7\u00e3o e a import\u00e2ncia do diagn\u00f3stico precoce. Continue a leitura!<\/span><\/p>\n<h2><b>O que \u00e9 c\u00e2ncer de pele?<\/b><\/h2>\n<p><span style=\"font-weight: 400;\">O c\u00e2ncer de pele \u00e9 uma<\/span><a href=\"https:\/\/www.sbd.org.br\/doencas\/cancer-da-pele\/\"><span style=\"font-weight: 400;\"> altera\u00e7\u00e3o<\/span><\/a><span style=\"font-weight: 400;\"> que ocorre quando as c\u00e9lulas da pele passam a se multiplicar de forma anormal.\u00a0<\/span><\/p>\n<p><span style=\"font-weight: 400;\">Esse crescimento desordenado pode formar tumores que, com o tempo, comprometem tecidos pr\u00f3ximos e, em casos mais avan\u00e7ados, podem se espalhar para outras partes do corpo.<\/span><\/p>\n<p><span style=\"font-weight: 400;\">Por isso, \u00e9 importante entender como essa doen\u00e7a se desenvolve. A pele \u00e9 composta por diferentes camadas e tipos celulares. Sendo assim, os tipos de c\u00e2ncer variam conforme a c\u00e9lula afetada.<\/span><\/p>\n<p><span style=\"font-weight: 400;\">Entre os principais tipos, podemos destacar:<\/span><\/p>\n<ul>\n<li style=\"font-weight: 400;\" aria-level=\"1\"><b>Carcinoma basocelular<\/b><span style=\"font-weight: 400;\"> \u2013 o mais comum e com menor potencial de dissemina\u00e7\u00e3o.<\/span><\/li>\n<li style=\"font-weight: 400;\" aria-level=\"1\"><b>Carcinoma espinocelular<\/b><span style=\"font-weight: 400;\"> \u2013 pode atingir camadas mais profundas e, em alguns casos, se espalhar.<\/span><\/li>\n<li style=\"font-weight: 400;\" aria-level=\"1\"><b>Melanoma<\/b><span style=\"font-weight: 400;\"> \u2013 menos frequente, mas com maior risco de met\u00e1stase e necessidade de aten\u00e7\u00e3o imediata.<\/span><\/li>\n<\/ul>\n<p><span style=\"font-weight: 400;\">Dessa forma, \u00e9 poss\u00edvel perceber que cada tipo de c\u00e2ncer de pele exige uma abordagem espec\u00edfica.\u00a0<\/span><\/p>\n<p><span style=\"font-weight: 400;\">No entanto, independente do tipo de c\u00e2ncer, o que podemos afirmar \u00e9: quando identificado precocemente, o tratamento tende a ser menos invasivo e com maior preserva\u00e7\u00e3o da qualidade de vida.<\/span><\/p>\n<h2><b>Quais s\u00e3o os sintomas de c\u00e2ncer de pele?<\/b><\/h2>\n<p><span style=\"font-weight: 400;\">Embora o c\u00e2ncer de pele seja amplamente conhecido pelos sinais vis\u00edveis na superf\u00edcie da pele, como manchas e les\u00f5es, ele tamb\u00e9m pode provocar efeitos mais internos e sist\u00eamicos, especialmente quando diagnosticado em est\u00e1gios mais avan\u00e7ados.<\/span><\/p>\n<p><span style=\"font-weight: 400;\">Segundo a <\/span><b>Sociedade Brasileira de Dermatologia (SBD)<\/b><span style=\"font-weight: 400;\">, os tipos mais agressivos, como o melanoma, <\/span><a href=\"https:\/\/www.sbd.org.br\/fique-atento-aos-possiveis-sinais-do-cancer-de-pele\/\"><span style=\"font-weight: 400;\">podem se espalhar <\/span><\/a><span style=\"font-weight: 400;\">para outros \u00f3rg\u00e3os, provocando sintomas que n\u00e3o aparecem diretamente na pele.<\/span><\/p>\n<p><span style=\"font-weight: 400;\">Por isso, \u00e9 fundamental observar n\u00e3o apenas altera\u00e7\u00f5es externas, mas tamb\u00e9m sinais mais sutis do corpo.<\/span><\/p>\n<p><span style=\"font-weight: 400;\">A seguir, alguns sintomas menos evidentes que merecem aten\u00e7\u00e3o:<\/span><\/p>\n<ul>\n<li style=\"font-weight: 400;\" aria-level=\"1\"><b>Dor persistente em uma \u00e1rea da pele ou ao redor de uma les\u00e3o j\u00e1 existente<\/b><b><br \/>\n<\/b><span style=\"font-weight: 400;\"> Em alguns casos, a dor pode indicar um processo inflamat\u00f3rio ou a presen\u00e7a de c\u00e9lulas cancer\u00edgenas mais profundas.<\/span><\/li>\n<li style=\"font-weight: 400;\" aria-level=\"1\"><b>Forma\u00e7\u00e3o de n\u00f3dulos abaixo da pele<\/b><b><br \/>\n<\/b><span style=\"font-weight: 400;\"> O surgimento de caro\u00e7os firmes, mesmo que indolores, pode indicar que o tumor ultrapassou as camadas superficiais da pele.<\/span><\/li>\n<li style=\"font-weight: 400;\" aria-level=\"1\"><b>Incha\u00e7o em regi\u00f5es pr\u00f3ximas a les\u00f5es ou nos g\u00e2nglios linf\u00e1ticos<\/b><b><br \/>\n<\/b><span style=\"font-weight: 400;\"> O comprometimento dos linfonodos (\u00ednguas), principalmente na virilha, axilas ou pesco\u00e7o, pode sinalizar dissemina\u00e7\u00e3o da doen\u00e7a.<\/span><\/li>\n<li style=\"font-weight: 400;\" aria-level=\"1\"><b>Fadiga frequente sem causa aparente<\/b><b><br \/>\n<\/b><span style=\"font-weight: 400;\"> Em fases mais avan\u00e7adas, o corpo pode reagir com cansa\u00e7o excessivo, mesmo diante de atividades rotineiras leves.<\/span><\/li>\n<li style=\"font-weight: 400;\" aria-level=\"1\"><b>Febre recorrente e perda de peso n\u00e3o intencional<\/b><b><br \/>\n<\/b><span style=\"font-weight: 400;\"> Esses sinais, ainda que gen\u00e9ricos, quando associados a altera\u00e7\u00f5es cut\u00e2neas, devem ser avaliados com aten\u00e7\u00e3o por profissionais especializados.<\/span><\/li>\n<\/ul>\n<p><span style=\"font-weight: 400;\">Esses sintomas internos n\u00e3o surgem em todos os casos, mas refor\u00e7am a import\u00e2ncia de um acompanhamento regular.\u00a0<\/span><\/p>\n<p><span style=\"font-weight: 400;\">Avalia\u00e7\u00f5es cl\u00ednicas e exames complementares ajudam a detectar o c\u00e2ncer de pele de forma mais precisa, especialmente em pessoas com hist\u00f3rico familiar ou exposi\u00e7\u00e3o solar intensa ao longo da vida.<\/span><\/p>\n<h2><b>Sinais de c\u00e2ncer de pele<\/b><\/h2>\n<div id=\"attachment_167\" style=\"width: 1034px\" class=\"wp-caption aligncenter\"><img fetchpriority=\"high\" decoding=\"async\" aria-describedby=\"caption-attachment-167\" class=\"wp-image-167 size-large\" src=\"https:\/\/cromaoncologia.com.br\/sobre-o-cancer\/wp-content\/uploads\/2025\/07\/iStock-1150885505-1024x683.jpg\" alt=\"c\u00e2ncer de pele imagens\" width=\"1024\" height=\"683\" srcset=\"https:\/\/cromaoncologia.com.br\/sobre-o-cancer\/wp-content\/uploads\/2025\/07\/iStock-1150885505-1024x683.jpg 1024w, https:\/\/cromaoncologia.com.br\/sobre-o-cancer\/wp-content\/uploads\/2025\/07\/iStock-1150885505-300x200.jpg 300w, https:\/\/cromaoncologia.com.br\/sobre-o-cancer\/wp-content\/uploads\/2025\/07\/iStock-1150885505-768x512.jpg 768w, https:\/\/cromaoncologia.com.br\/sobre-o-cancer\/wp-content\/uploads\/2025\/07\/iStock-1150885505.jpg 1254w\" sizes=\"(max-width: 1024px) 100vw, 1024px\" \/><p id=\"caption-attachment-167\" class=\"wp-caption-text\">C\u00e2ncer de pele: como identificar?<\/p><\/div>\n<p><span style=\"font-weight: 400;\">Quando falamos em sinais de c\u00e2ncer de pele, \u00e9 importante refor\u00e7ar que, embora nem toda altera\u00e7\u00e3o na pele seja um sinal de alerta, <\/span><b>observar com aten\u00e7\u00e3o e procurar avalia\u00e7\u00e3o m\u00e9dica diante de qualquer mudan\u00e7a persistente \u00e9 fundamental.\u00a0<\/b><\/p>\n<p><span style=\"font-weight: 400;\">Muitos dos ind\u00edcios aparecem de forma sutil e v\u00e3o se modificando com o tempo, por isso, manter o acompanhamento cl\u00ednico \u00e9 um passo essencial no cuidado oncol\u00f3gico.<\/span><\/p>\n<p><span style=\"font-weight: 400;\">A seguir, conhe\u00e7a os principais sinais do c\u00e2ncer de pele que merecem aten\u00e7\u00e3o:<\/span><\/p>\n<h3><b>Coceira<\/b><\/h3>\n<p><span style=\"font-weight: 400;\">Nem sempre a coceira est\u00e1 presente, mas quando ela aparece de forma persistente em uma \u00e1rea espec\u00edfica da pele, especialmente sobre uma les\u00e3o que j\u00e1 existe, pode ser um sinal de que h\u00e1 algo fora do padr\u00e3o.<\/span><\/p>\n<p><span style=\"font-weight: 400;\">A coceira tende a ser mais comum em les\u00f5es do tipo carcinoma espinocelular, mas tamb\u00e9m pode ocorrer em melanomas mais superficiais.<\/span><\/p>\n<h3><b>Manchas<\/b><\/h3>\n<p><span style=\"font-weight: 400;\">As manchas s\u00e3o um dos primeiros sinais observ\u00e1veis. Elas podem surgir de diferentes formas:<\/span><\/p>\n<ul>\n<li style=\"font-weight: 400;\" aria-level=\"1\"><span style=\"font-weight: 400;\">Manchas escuras ou avermelhadas com bordas irregulares<\/span><\/li>\n<li style=\"font-weight: 400;\" aria-level=\"1\"><span style=\"font-weight: 400;\">Altera\u00e7\u00f5es em pintas j\u00e1 existentes (crescimento, mudan\u00e7a de cor ou formato)<\/span><\/li>\n<li style=\"font-weight: 400;\" aria-level=\"1\"><span style=\"font-weight: 400;\">\u00c1reas de colora\u00e7\u00e3o desigual, especialmente em regi\u00f5es muito expostas ao sol<\/span><\/li>\n<\/ul>\n<p><span style=\"font-weight: 400;\">Essas manchas n\u00e3o necessariamente causam dor ou inc\u00f4modo, o que pode dificultar a percep\u00e7\u00e3o imediata de risco.<\/span><\/p>\n<h3><b>Les\u00f5es<\/b><\/h3>\n<p><span style=\"font-weight: 400;\">Les\u00f5es que n\u00e3o cicatrizam ou que evoluem com o tempo podem estar associadas ao c\u00e2ncer de pele. \u00c9 importante observar:<\/span><\/p>\n<ul>\n<li style=\"font-weight: 400;\" aria-level=\"1\"><span style=\"font-weight: 400;\">Feridas que sangram ou formam crostas repetidamente<\/span><\/li>\n<li style=\"font-weight: 400;\" aria-level=\"1\"><span style=\"font-weight: 400;\">Les\u00f5es que crescem ou mudam de textura<\/span><\/li>\n<li style=\"font-weight: 400;\" aria-level=\"1\"><span style=\"font-weight: 400;\">Protuber\u00e2ncias com apar\u00eancia perolada, brilhante ou transl\u00facida<\/span><\/li>\n<\/ul>\n<p><span style=\"font-weight: 400;\">Essas caracter\u00edsticas s\u00e3o comuns em carcinomas basocelulares, o tipo mais frequente da doen\u00e7a.<\/span><\/p>\n<h3><b>Sangramento e descama\u00e7\u00e3o<\/b><\/h3>\n<p><span style=\"font-weight: 400;\">Sinais como sangramento espont\u00e2neo, mesmo sem trauma aparente, e descama\u00e7\u00f5es persistentes tamb\u00e9m devem ser investigados. Al\u00e9m disso, \u00e9 importante observar:<\/span><\/p>\n<ul>\n<li style=\"font-weight: 400;\" aria-level=\"1\"><span style=\"font-weight: 400;\">\u00c1reas com pele mais fina ou esbranqui\u00e7ada<\/span><\/li>\n<li style=\"font-weight: 400;\" aria-level=\"1\"><span style=\"font-weight: 400;\">Regi\u00f5es que apresentam sangramentos leves, mas frequentes<\/span><\/li>\n<li style=\"font-weight: 400;\" aria-level=\"1\"><span style=\"font-weight: 400;\">Descama\u00e7\u00e3o cont\u00ednua, especialmente em regi\u00f5es que n\u00e3o costumam ressecar<\/span><\/li>\n<\/ul>\n<p><span style=\"font-weight: 400;\">Esses sinais s\u00e3o comuns principalmente em \u00e1reas com hist\u00f3rico de exposi\u00e7\u00e3o solar intensa, como rosto, pesco\u00e7o, colo e m\u00e3os.<\/span><\/p>\n<p><span style=\"font-weight: 400;\">Por isso, ao notar qualquer mudan\u00e7a incomum na pele, como uma pinta que cresce, co\u00e7a, sangra ou se transforma com o tempo, procure um dermatologista.\u00a0<\/span><\/p>\n<p><span style=\"font-weight: 400;\">A <\/span><a href=\"https:\/\/www.gov.br\/saude\/pt-br\/assuntos\/saude-de-a-a-z\/c\/cancer-de-pele\/diagnostico-precoce\"><span style=\"font-weight: 400;\">detec\u00e7\u00e3o precoce <\/span><\/a><span style=\"font-weight: 400;\">\u00e9 um passo essencial para um cuidado mais promissor e com mais possibilidades terap\u00eauticas.<\/span><\/p>\n\n<div id=\"attachment_168\" style=\"width: 1034px\" class=\"wp-caption aligncenter\"><img decoding=\"async\" aria-describedby=\"caption-attachment-168\" class=\"wp-image-168 size-large\" src=\"https:\/\/cromaoncologia.com.br\/sobre-o-cancer\/wp-content\/uploads\/2025\/07\/iStock-516257694-1024x683.jpg\" alt=\"Como prevenir os sintomas de c\u00e2ncer de pele?\" width=\"1024\" height=\"683\" srcset=\"https:\/\/cromaoncologia.com.br\/sobre-o-cancer\/wp-content\/uploads\/2025\/07\/iStock-516257694-1024x683.jpg 1024w, https:\/\/cromaoncologia.com.br\/sobre-o-cancer\/wp-content\/uploads\/2025\/07\/iStock-516257694-300x200.jpg 300w, https:\/\/cromaoncologia.com.br\/sobre-o-cancer\/wp-content\/uploads\/2025\/07\/iStock-516257694-768x512.jpg 768w, https:\/\/cromaoncologia.com.br\/sobre-o-cancer\/wp-content\/uploads\/2025\/07\/iStock-516257694.jpg 1254w\" sizes=\"(max-width: 1024px) 100vw, 1024px\" \/><p id=\"caption-attachment-168\" class=\"wp-caption-text\">Como prevenir os sintomas de c\u00e2ncer de pele?<\/p><\/div>\n<p><span style=\"font-weight: 400;\">Quando falamos em preven\u00e7\u00e3o, \u00e9 essencial lembrar que pequenas atitudes no dia a dia podem fazer uma grande diferen\u00e7a na sa\u00fade da pele.\u00a0<\/span><\/p>\n<p><span style=\"font-weight: 400;\">O c\u00e2ncer de pele \u00e9, em muitos casos,<\/span><b> resultado de exposi\u00e7\u00f5es repetidas e desprotegidas ao sol ao longo da vida.<\/b><\/p>\n<p><span style=\"font-weight: 400;\">Segundo o<\/span><a href=\"https:\/\/www.gov.br\/saude\/pt-br\/assuntos\/noticias\/2020\/dezembro\/cancer-de-pele-saiba-como-prevenir-diagnosticar-e-tratar\"> <span style=\"font-weight: 400;\">Minist\u00e9rio da Sa\u00fade<\/span><\/a><span style=\"font-weight: 400;\">, a exposi\u00e7\u00e3o solar sem prote\u00e7\u00e3o adequada \u00e9 o principal fator de risco para o desenvolvimento da doen\u00e7a.\u00a0<\/span><\/p>\n<p><span style=\"font-weight: 400;\">Sendo assim, algumas pr\u00e1ticas simples devem ser incorporadas \u00e0 rotina, especialmente em pa\u00edses tropicais como o Brasil.<\/span><\/p>\n<p><span style=\"font-weight: 400;\">Veja algumas formas de preven\u00e7\u00e3o que ajudam a cuidar da sa\u00fade da sua pele:<\/span><\/p>\n<ul>\n<li style=\"font-weight: 400;\" aria-level=\"1\"><b>Use filtro solar diariamente<\/b><span style=\"font-weight: 400;\">, com fator de prote\u00e7\u00e3o solar (FPS) de no m\u00ednimo 30, mesmo em dias nublados ou quando estiver dentro de casa, se houver exposi\u00e7\u00e3o \u00e0 luz intensa.<\/span><\/li>\n<li style=\"font-weight: 400;\" aria-level=\"1\"><b>Reaplique o protetor solar a cada duas horas<\/b><span style=\"font-weight: 400;\">, especialmente se estiver ao ar livre ou transpirando muito.<\/span><\/li>\n<li style=\"font-weight: 400;\" aria-level=\"1\"><b>Evite exposi\u00e7\u00e3o ao sol entre 10h e 16h<\/b><span style=\"font-weight: 400;\">, per\u00edodo em que os raios UVB est\u00e3o mais intensos.<\/span><\/li>\n<li style=\"font-weight: 400;\" aria-level=\"1\"><b>Use roupas com prote\u00e7\u00e3o solar<\/b><span style=\"font-weight: 400;\">, chap\u00e9us de aba larga e \u00f3culos escuros com filtro UV.<\/span><\/li>\n<li style=\"font-weight: 400;\" aria-level=\"1\"><b>Cuide da pele das crian\u00e7as e dos idosos<\/b><span style=\"font-weight: 400;\">, que s\u00e3o mais sens\u00edveis aos efeitos nocivos da radia\u00e7\u00e3o ultravioleta.<\/span><\/li>\n<li style=\"font-weight: 400;\" aria-level=\"1\"><b>Evite bronzeamento artificial<\/b><span style=\"font-weight: 400;\">, pois esse tipo de exposi\u00e7\u00e3o tamb\u00e9m representa risco elevado.<\/span><\/li>\n<\/ul>\n<p><span style=\"font-weight: 400;\">Por fim, mantenha o h\u00e1bito de observar a pr\u00f3pria pele. Quanto mais cedo qualquer sinal for percebido, mais cedo ser\u00e1 poss\u00edvel buscar apoio profissional.<\/span><\/p>\n<h2><b>A import\u00e2ncia do diagn\u00f3stico precoce<\/b><\/h2>\n<p><span style=\"font-weight: 400;\">Identificar altera\u00e7\u00f5es na pele desde o in\u00edcio pode fazer toda a diferen\u00e7a no cuidado.\u00a0<\/span><\/p>\n<p><span style=\"font-weight: 400;\">Ao identificar o c\u00e2ncer de pele em fases iniciais, <\/span><a href=\"https:\/\/sbco.org.br\/como-e-feito-o-diagnostico-do-cancer-de-pele\/#:~:text=Qual%20%C3%A9%20a%20import%C3%A2ncia%20do,cl%C3%ADnicos%2C%20laboratoriais%20e%20de%20imagem.\"><span style=\"font-weight: 400;\">aumentam<\/span><\/a><span style=\"font-weight: 400;\"> significativamente as possibilidades de tratamento com impacto f\u00edsico e emocional reduzido.\u00a0<\/span><\/p>\n<p><span style=\"font-weight: 400;\">Al\u00e9m disso, quando o cuidado come\u00e7a cedo, h\u00e1 menos necessidade de interven\u00e7\u00f5es mais complexas.<\/span><\/p>\n<h2><b>Conclus\u00e3o<\/b><\/h2>\n<p><span style=\"font-weight: 400;\">Ficar atento aos sinais e sintomas do c\u00e2ncer de pele \u00e9 um gesto de cuidado com o pr\u00f3prio corpo. Manchas, feridas que n\u00e3o cicatrizam ou altera\u00e7\u00f5es em pintas n\u00e3o devem ser ignoradas.<\/span><\/p>\n<p><span style=\"font-weight: 400;\">A preven\u00e7\u00e3o come\u00e7a com prote\u00e7\u00e3o solar di\u00e1ria e h\u00e1bitos saud\u00e1veis, mas vai al\u00e9m: passa tamb\u00e9m por visitas regulares ao dermatologista e pela escuta atenta \u00e0s mudan\u00e7as da pele.<\/span><\/p>\n<p><span style=\"font-weight: 400;\">Na d\u00favida, procure avalia\u00e7\u00e3o m\u00e9dica. Evitar autodiagn\u00f3stico e buscar apoio especializado s\u00e3o atitudes que fazem diferen\u00e7a.<\/span><\/p>\n<p><span style=\"font-weight: 400;\">Na Croma Oncologia, entendemos que cada detalhe importa.\u00a0<\/span><\/p>\n<p><span style=\"font-weight: 400;\">Nosso cuidado \u00e9 coordenado, acolhedor e pensado para oferecer mais conforto, seguran\u00e7a e previsibilidade ao longo do caminho.<\/span><\/p>\n\n\n<p><span style=\"font-weight: 400;\">Por isso, convidamos voc\u00ea a compartilhar esse conte\u00fado e refor\u00e7ar a conscientiza\u00e7\u00e3o sobre o c\u00e2ncer de pele.\u00a0<\/span><\/p>\n<p><b>Quando o conhecimento se espalha, o cuidado se fortalece.<\/b><\/p>\n\n<p><b>Refer\u00eancias<\/b><\/p>\n<ol>\n<li style=\"font-weight: 400;\" aria-level=\"1\"><b>Minist\u00e9rio da Sa\u00fade<\/b><span style=\"font-weight: 400;\"> \u2013 C\u00e2ncer de pele: saiba como prevenir, diagnosticar e tratar<\/span><span style=\"font-weight: 400;\"><br \/>\n<\/span><a href=\"https:\/\/www.gov.br\/saude\/pt-br\/assuntos\/noticias\/2020\/dezembro\/cancer-de-pele-saiba-como-prevenir-diagnosticar-e-tratar\"> <span style=\"font-weight: 400;\">https:\/\/www.gov.br\/saude\/pt-br\/assuntos\/noticias\/2020\/dezembro\/cancer-de-pele-saiba-como-prevenir-diagnosticar-e-tratar<\/span><\/a><\/li>\n<li style=\"font-weight: 400;\" aria-level=\"1\"><b>INCA \u2013 Instituto Nacional de C\u00e2ncer<\/b><span style=\"font-weight: 400;\"> \u2013 C\u00e2ncer de pele<\/span><span style=\"font-weight: 400;\"><br \/>\n<\/span><a href=\"https:\/\/www.inca.gov.br\/es\/taxonomy\/term\/758\"> <span style=\"font-weight: 400;\">https:\/\/www.inca.gov.br\/es\/taxonomy\/term\/758<\/span><\/a><\/li>\n<li style=\"font-weight: 400;\" aria-level=\"1\"><b>Sociedade Brasileira de Dermatologia (SBD)<\/b><span style=\"font-weight: 400;\"> \u2013 C\u00e2ncer da pele<\/span><span style=\"font-weight: 400;\"><br \/>\n<\/span><a href=\"https:\/\/www.sbd.org.br\/doencas\/cancer-da-pele\/\"> <span style=\"font-weight: 400;\">https:\/\/www.sbd.org.br\/doencas\/cancer-da-pele\/<\/span><\/a><\/li>\n<li style=\"font-weight: 400;\" aria-level=\"1\"><b>Sociedade Brasileira de Dermatologia (SBD)<\/b><span style=\"font-weight: 400;\"> \u2013 Fique atento aos poss\u00edveis sinais do c\u00e2ncer de pele<\/span><span style=\"font-weight: 400;\"><br \/>\n<\/span><a href=\"https:\/\/www.sbd.org.br\/fique-atento-aos-possiveis-sinais-do-cancer-de-pele\/\"> <span style=\"font-weight: 400;\">https:\/\/www.sbd.org.br\/fique-atento-aos-possiveis-sinais-do-cancer-de-pele\/<\/span><\/a><\/li>\n<li style=\"font-weight: 400;\" aria-level=\"1\"><b>Minist\u00e9rio da Sa\u00fade<\/b><span style=\"font-weight: 400;\"> \u2013 Diagn\u00f3stico precoce: C\u00e2ncer de pele<\/span><span style=\"font-weight: 400;\"><br \/>\n<\/span><a href=\"https:\/\/www.gov.br\/saude\/pt-br\/assuntos\/saude-de-a-a-z\/c\/cancer-de-pele\/diagnostico-precoce\"> <span style=\"font-weight: 400;\">https:\/\/www.gov.br\/saude\/pt-br\/assuntos\/saude-de-a-a-z\/c\/cancer-de-pele\/diagnostico-precoce<\/span><\/a><\/li>\n<li style=\"font-weight: 400;\" aria-level=\"1\"><b>SBCO \u2013 Sociedade Brasileira de Cirurgia Oncol\u00f3gica<\/b><span style=\"font-weight: 400;\"> \u2013 Como \u00e9 feito o diagn\u00f3stico do c\u00e2ncer de pele<\/span><span style=\"font-weight: 400;\"><br \/>\n<\/span><a href=\"https:\/\/sbco.org.br\/como-e-feito-o-diagnostico-do-cancer-de-pele\/#:~:text=Qual%20%C3%A9%20a%20import%C3%A2ncia%20do,cl%C3%ADnicos%2C%20laboratoriais%20e%20de%20imagem\"> <span style=\"font-weight: 400;\">https:\/\/sbco.org.br\/como-e-feito-o-diagnostico-do-cancer-de-pele\/#:~:text=Qual%20%C3%A9%20a%20import%C3%A2ncia%20do,cl%C3%ADnicos%2C%20laboratoriais%20e%20de%20imagem<\/span><\/a><\/li>\n<\/ol>\n","protected":false},"excerpt":{"rendered":"<p>Para muitas pessoas, a descoberta come\u00e7a com um detalhe que parecia inofensivo: uma pinta que mudou de cor, uma ferida que n\u00e3o cicatriza, uma coceira que persiste sem motivo claro. Pequenos sinais que, com o tempo, ganham significado: c\u00e2ncer de pele. Esse \u00e9 o tipo de c\u00e2ncer mais frequente no Brasil, respons\u00e1vel por cerca de [&hellip;]<\/p>\n","protected":false},"author":8,"featured_media":166,"comment_status":"open","ping_status":"open","sticky":false,"template":"","format":"standard","meta":{"_acf_changed":false,"om_disable_all_campaigns":false,"_monsterinsights_skip_tracking":false,"_monsterinsights_sitenote_active":false,"_monsterinsights_sitenote_note":"","_monsterinsights_sitenote_category":0,"footnotes":""},"categories":[13],"tags":[19],"class_list":["post-165","post","type-post","status-publish","format-standard","has-post-thumbnail","hentry","category-tipos-de-cancer","tag-cancer-de-pele"],"acf":[],"aioseo_notices":[],"_links":{"self":[{"href":"https:\/\/cromaoncologia.com.br\/sobre-o-cancer\/wp-json\/wp\/v2\/posts\/165","targetHints":{"allow":["GET"]}}],"collection":[{"href":"https:\/\/cromaoncologia.com.br\/sobre-o-cancer\/wp-json\/wp\/v2\/posts"}],"about":[{"href":"https:\/\/cromaoncologia.com.br\/sobre-o-cancer\/wp-json\/wp\/v2\/types\/post"}],"author":[{"embeddable":true,"href":"https:\/\/cromaoncologia.com.br\/sobre-o-cancer\/wp-json\/wp\/v2\/users\/8"}],"replies":[{"embeddable":true,"href":"https:\/\/cromaoncologia.com.br\/sobre-o-cancer\/wp-json\/wp\/v2\/comments?post=165"}],"version-history":[{"count":9,"href":"https:\/\/cromaoncologia.com.br\/sobre-o-cancer\/wp-json\/wp\/v2\/posts\/165\/revisions"}],"predecessor-version":[{"id":441,"href":"https:\/\/cromaoncologia.com.br\/sobre-o-cancer\/wp-json\/wp\/v2\/posts\/165\/revisions\/441"}],"wp:featuredmedia":[{"embeddable":true,"href":"https:\/\/cromaoncologia.com.br\/sobre-o-cancer\/wp-json\/wp\/v2\/media\/166"}],"wp:attachment":[{"href":"https:\/\/cromaoncologia.com.br\/sobre-o-cancer\/wp-json\/wp\/v2\/media?parent=165"}],"wp:term":[{"taxonomy":"category","embeddable":true,"href":"https:\/\/cromaoncologia.com.br\/sobre-o-cancer\/wp-json\/wp\/v2\/categories?post=165"},{"taxonomy":"post_tag","embeddable":true,"href":"https:\/\/cromaoncologia.com.br\/sobre-o-cancer\/wp-json\/wp\/v2\/tags?post=165"}],"curies":[{"name":"wp","href":"https:\/\/api.w.org\/{rel}","templated":true}]}}