{"id":186,"date":"2025-08-14T14:26:36","date_gmt":"2025-08-14T17:26:36","guid":{"rendered":"https:\/\/cromaoncologia.com.br\/sobre-o-cancer\/?p=186"},"modified":"2026-04-13T23:54:41","modified_gmt":"2026-04-14T02:54:41","slug":"sintomas-de-cancer-de-prostata","status":"publish","type":"post","link":"https:\/\/cromaoncologia.com.br\/sobre-o-cancer\/sintomas-de-cancer-de-prostata\/","title":{"rendered":"Entenda quais s\u00e3o os sintomas do c\u00e2ncer de pr\u00f3stata"},"content":{"rendered":"<div id=\"attachment_187\" style=\"width: 1034px\" class=\"wp-caption aligncenter\"><img fetchpriority=\"high\" decoding=\"async\" aria-describedby=\"caption-attachment-187\" class=\"wp-image-187 size-large\" src=\"https:\/\/cromaoncologia.com.br\/sobre-o-cancer\/wp-content\/uploads\/2025\/08\/iStock-1432111810-1-1024x683.jpg\" alt=\"Homem segurando fitinha s\u00edmbolo C\u00e2ncer de pr\u00f3stata\" width=\"1024\" height=\"683\" srcset=\"https:\/\/cromaoncologia.com.br\/sobre-o-cancer\/wp-content\/uploads\/2025\/08\/iStock-1432111810-1-1024x683.jpg 1024w, https:\/\/cromaoncologia.com.br\/sobre-o-cancer\/wp-content\/uploads\/2025\/08\/iStock-1432111810-1-300x200.jpg 300w, https:\/\/cromaoncologia.com.br\/sobre-o-cancer\/wp-content\/uploads\/2025\/08\/iStock-1432111810-1-768x512.jpg 768w, https:\/\/cromaoncologia.com.br\/sobre-o-cancer\/wp-content\/uploads\/2025\/08\/iStock-1432111810-1.jpg 1254w\" sizes=\"(max-width: 1024px) 100vw, 1024px\" \/><p id=\"caption-attachment-187\" class=\"wp-caption-text\">Sintomas de c\u00e2ncer de pr\u00f3stata<\/p><\/div>\n<p><b>\u201cEle come\u00e7ou a levantar v\u00e1rias vezes \u00e0 noite para urinar. Depois vieram as dores nas costas. Pensava que era da idade\u2026 at\u00e9 procurar ajuda.\u201d<\/b><\/p>\n<p><span style=\"font-weight: 400;\">Hist\u00f3rias como essa s\u00e3o mais comuns do que se imagina. Muitas vezes, os <\/span><b>sintomas de c\u00e2ncer de pr\u00f3stata <\/b><span style=\"font-weight: 400;\">surgem de forma discreta e v\u00e3o sendo atribu\u00eddos ao envelhecimento ou ao cansa\u00e7o do dia a dia.<\/span><\/p>\n<p><span style=\"font-weight: 400;\">O c\u00e2ncer de pr\u00f3stata \u00e9 o <\/span><a href=\"https:\/\/cromaoncologia.com.br\/sobre-o-cancer\/tipos-de-cancer\/\"><span style=\"font-weight: 400;\">tipo de c\u00e2ncer<\/span><\/a> <span style=\"font-weight: 400;\">mais frequente entre os homens no Brasil, depois dos tumores de pele n\u00e3o melanoma. Segundo dados de 2022 do Instituto Nacional de C\u00e2ncer (INCA), a estimativa \u00e9 de mais de <\/span><a href=\"https:\/\/www.gov.br\/inca\/pt-br\/assuntos\/noticias\/2022\/inca-estima-704-mil-casos-de-cancer-por-ano-no-brasil-ate-2025\"><span style=\"font-weight: 400;\">71 mil novos casos <\/span><\/a><span style=\"font-weight: 400;\">por ano no pa\u00eds.<\/span><\/p>\n<p><span style=\"font-weight: 400;\">Ainda assim, o tema permanece cercado por d\u00favidas, receios e, muitas vezes, sil\u00eancio.\u00a0<\/span><\/p>\n<p><span style=\"font-weight: 400;\">Por isso, entender <\/span><b>quais s\u00e3o os sintomas do c\u00e2ncer de pr\u00f3stata<\/b><span style=\"font-weight: 400;\">, como ele se desenvolve, quais exames podem ajudar no diagn\u00f3stico e quando procurar orienta\u00e7\u00e3o especializada \u00e9 essencial para promover o cuidado e transformar realidades.<\/span><\/p>\n<p><span style=\"font-weight: 400;\">Neste conte\u00fado, voc\u00ea vai encontrar informa\u00e7\u00f5es acess\u00edveis e confi\u00e1veis sobre:<\/span><\/p>\n<ul>\n<li style=\"font-weight: 400;\" aria-level=\"1\"><b>Causas e sinais da doen\u00e7a<\/b><\/li>\n<li style=\"font-weight: 400;\" aria-level=\"1\"><b>Quando os sintomas aparecem<\/b><\/li>\n<li style=\"font-weight: 400;\" aria-level=\"1\"><b>Qual o tamanho da pr\u00f3stata com risco de c\u00e2ncer<\/b><\/li>\n<li style=\"font-weight: 400;\" aria-level=\"1\"><b>Se o c\u00e2ncer de pr\u00f3stata tem cura<\/b><\/li>\n<li style=\"font-weight: 400;\" aria-level=\"1\"><b>Como prevenir e tratar com qualidade de vida<\/b><\/li>\n<\/ul>\n<p><span style=\"font-weight: 400;\">Continue lendo e<\/span><b> aprenda mais sobre o tema<\/b><span style=\"font-weight: 400;\"> \u2014 para cuidar de si ou de quem ama.<\/span><\/p>\n<h2><b>O que \u00e9 o c\u00e2ncer de pr\u00f3stata?<\/b><\/h2>\n<p><span style=\"font-weight: 400;\">A pr\u00f3stata \u00e9 uma gl\u00e2ndula que faz parte do sistema reprodutor masculino. Ela fica logo abaixo da bexiga e envolve a parte inicial da uretra, o canal que leva a urina para fora do corpo. Sua principal fun\u00e7\u00e3o \u00e9 produzir o l\u00edquido que comp\u00f5e o s\u00eamen.<\/span><\/p>\n<p><span style=\"font-weight: 400;\">O c\u00e2ncer de pr\u00f3stata ocorre quando as c\u00e9lulas dessa gl\u00e2ndula passam a se multiplicar de forma desordenada, formando um tumor que pode crescer lentamente ou, em alguns casos, se espalhar para outras partes do corpo.<\/span><\/p>\n<p><span style=\"font-weight: 400;\">A maioria dos tumores se desenvolve de forma silenciosa, sem sintomas nas fases iniciais.<\/span><\/p>\n<p><span style=\"font-weight: 400;\">Por isso, o rastreamento e o acompanhamento m\u00e9dico s\u00e3o fundamentais, especialmente em homens<\/span><b> a partir dos 50 anos, ou dos 45 quando h\u00e1 hist\u00f3rico familiar.<\/b><\/p>\n<p><span style=\"font-weight: 400;\">Ainda assim, \u00e9 importante desfazer uma ideia equivocada: <\/span><b>nem todo crescimento da pr\u00f3stata significa c\u00e2ncer<\/b><span style=\"font-weight: 400;\">. H\u00e1 outras condi\u00e7\u00f5es benignas, como a hiperplasia prost\u00e1tica benigna (HPB), que tamb\u00e9m causam aumento do \u00f3rg\u00e3o e altera\u00e7\u00f5es urin\u00e1rias.<\/span><\/p>\n<p><b>\u00c9 por esse motivo que o diagn\u00f3stico correto s\u00f3 pode ser feito com avalia\u00e7\u00e3o m\u00e9dica, exames e acompanhamento cont\u00ednuo.<\/b><\/p>\n<h2><b>Quais s\u00e3o os sintomas de c\u00e2ncer de pr\u00f3stata?<\/b><\/h2>\n<p><span style=\"font-weight: 400;\">Conforme informa o<\/span><a href=\"https:\/\/www.gov.br\/saude\/pt-br\/assuntos\/saude-de-a-a-z\/c\/cancer-de-prostata\"> <span style=\"font-weight: 400;\">Minist\u00e9rio da Sa\u00fade<\/span><\/a><span style=\"font-weight: 400;\">, alguns sintomas podem indicar altera\u00e7\u00f5es na pr\u00f3stata e precisam ser investigados. Abaixo, listamos os principais:<\/span><\/p>\n<h3><b>Dificuldade para urinar<\/b><\/h3>\n<p><span style=\"font-weight: 400;\">Esse \u00e9 um dos primeiros sinais que costumam surgir. A pessoa pode perceber que tem dificuldade para iniciar ou manter o fluxo da urina, mesmo com a bexiga cheia.<\/span><\/p>\n<p><span style=\"font-weight: 400;\">Esse sintoma \u00e9 comum tamb\u00e9m em outras condi\u00e7\u00f5es, como o aumento benigno da pr\u00f3stata. Mas, se persistir, deve ser avaliado.<\/span><\/p>\n<h3><b>Jato de urina fraco<\/b><\/h3>\n<p><span style=\"font-weight: 400;\">O fluxo urin\u00e1rio pode se tornar mais lento e fraco. Em alguns casos, pode ser necess\u00e1rio fazer for\u00e7a para urinar.<\/span><\/p>\n<p><span style=\"font-weight: 400;\">Esse sinal costuma gerar inc\u00f4modo no dia a dia e \u00e9 muitas vezes associado ao envelhecimento \u2014 mas n\u00e3o deve ser ignorado.<\/span><\/p>\n<h3><b>Necessidade frequente de urinar<\/b><\/h3>\n<p><span style=\"font-weight: 400;\">A vontade de urinar com mais frequ\u00eancia, especialmente \u00e0 noite, pode indicar altera\u00e7\u00f5es na pr\u00f3stata.<\/span><\/p>\n<p><span style=\"font-weight: 400;\">Esse sintoma, chamado de noct\u00faria, \u00e9 percebido quando o sono come\u00e7a a ser interrompido por idas repetidas ao banheiro.<\/span><\/p>\n<h3><b>Sangue na urina<\/b><\/h3>\n<p><span style=\"font-weight: 400;\">A presen\u00e7a de sangue na urina (hematuria) \u00e9 um sinal de alerta. Embora n\u00e3o seja exclusiva do c\u00e2ncer de pr\u00f3stata, deve ser sempre investigada com rapidez.<\/span><\/p>\n<p><span style=\"font-weight: 400;\">Pode ocorrer em est\u00e1gios mais avan\u00e7ados ou como resultado de les\u00f5es internas na regi\u00e3o.<\/span><\/p>\n<h3><b>Sangue no s\u00eamen<\/b><\/h3>\n<p><span style=\"font-weight: 400;\">Outro sintoma menos comum, mas que merece aten\u00e7\u00e3o, \u00e9 a presen\u00e7a de sangue no s\u00eamen (hematospermia). Assim como na urina, pode indicar altera\u00e7\u00f5es na pr\u00f3stata ou em outras estruturas do trato genital.<\/span><\/p>\n<p><span style=\"font-weight: 400;\">\u00c9 importante conversar com um profissional de sa\u00fade ao notar esse tipo de altera\u00e7\u00e3o.<\/span><\/p>\n<h3><b>Dor \u00f3ssea<\/b><\/h3>\n<p><span style=\"font-weight: 400;\">Em casos mais avan\u00e7ados, o c\u00e2ncer de pr\u00f3stata pode atingir outros \u00f3rg\u00e3os, como ossos da bacia, coluna e costelas.<\/span><\/p>\n<p><span style=\"font-weight: 400;\">Nesses casos, podem surgir:<\/span><\/p>\n<ul>\n<li style=\"font-weight: 400;\" aria-level=\"1\"><span style=\"font-weight: 400;\">Dor persistente na lombar ou quadris<\/span><\/li>\n<li style=\"font-weight: 400;\" aria-level=\"1\"><span style=\"font-weight: 400;\">Desconforto que piora com o movimento<\/span><\/li>\n<li style=\"font-weight: 400;\" aria-level=\"1\"><span style=\"font-weight: 400;\">Sensa\u00e7\u00e3o de fragilidade nos ossos<\/span><\/li>\n<\/ul>\n<p><span style=\"font-weight: 400;\">A dor \u00f3ssea geralmente indica que a doen\u00e7a j\u00e1 saiu da pr\u00f3stata, o que torna o acompanhamento regular ainda mais importante para identificar altera\u00e7\u00f5es antes desse est\u00e1gio.<\/span><\/p>\n<h2><b>Qual o tamanho da pr\u00f3stata com risco de c\u00e2ncer?<\/b><\/h2>\n<p><span style=\"font-weight: 400;\">A pr\u00f3stata \u00e9 uma gl\u00e2ndula pequena, mas que exerce um papel importante no organismo masculino.<\/span><\/p>\n<p><span style=\"font-weight: 400;\">Em condi\u00e7\u00f5es normais, ela tem o <\/span><a href=\"https:\/\/bvsms.saude.gov.br\/bvs\/dicas\/73doencas_prostata.html\"><span style=\"font-weight: 400;\">tamanho aproximado<\/span><\/a><span style=\"font-weight: 400;\"> de uma noz e pesa cerca de <\/span><b>20 gramas<\/b><span style=\"font-weight: 400;\">.<\/span><\/p>\n<div id=\"attachment_188\" style=\"width: 349px\" class=\"wp-caption aligncenter\"><img decoding=\"async\" aria-describedby=\"caption-attachment-188\" class=\"wp-image-188 size-full\" src=\"https:\/\/cromaoncologia.com.br\/sobre-o-cancer\/wp-content\/uploads\/2025\/08\/unnamed-2-e1754588387835.png\" alt=\"Representa\u00e7\u00e3o visual c\u00e2ncer de pr\u00f3stata\" width=\"339\" height=\"399\" srcset=\"https:\/\/cromaoncologia.com.br\/sobre-o-cancer\/wp-content\/uploads\/2025\/08\/unnamed-2-e1754588387835.png 339w, https:\/\/cromaoncologia.com.br\/sobre-o-cancer\/wp-content\/uploads\/2025\/08\/unnamed-2-e1754588387835-255x300.png 255w\" sizes=\"(max-width: 339px) 100vw, 339px\" \/><p id=\"caption-attachment-188\" class=\"wp-caption-text\">Qual o tamanho da pr\u00f3stata com risco de c\u00e2ncer? &#8211; representa\u00e7\u00e3o visual<\/p><\/div>\n<p><span style=\"font-weight: 400;\">Com o passar dos anos, \u00e9 natural que essa gl\u00e2ndula cres\u00e7a um pouco.<\/span><\/p>\n<p><span style=\"font-weight: 400;\">No entanto, quando esse aumento \u00e9 expressivo, pode estar associado a diferentes condi\u00e7\u00f5es \u2014 nem todas relacionadas ao c\u00e2ncer.<\/span><\/p>\n<p><b>Por isso, \u00e9 importante diferenciar:<\/b><\/p>\n<ul>\n<li style=\"font-weight: 400;\" aria-level=\"1\"><b>Aumento benigno (hiperplasia prost\u00e1tica benigna):<\/b><span style=\"font-weight: 400;\"> comum ap\u00f3s os 50 anos, pode causar sintomas urin\u00e1rios, mas <\/span><b>n\u00e3o est\u00e1 ligado ao c\u00e2ncer<\/b><\/li>\n<li style=\"font-weight: 400;\" aria-level=\"1\"><b>Crescimento anormal com risco oncol\u00f3gico:<\/b><span style=\"font-weight: 400;\"> quando a pr\u00f3stata aumenta de forma acelerada, assim\u00e9trica ou com presen\u00e7a de n\u00f3dulos suspeitos<\/span><\/li>\n<\/ul>\n<p><span style=\"font-weight: 400;\">A medicina n\u00e3o estabelece um &#8220;tamanho exato&#8221; que define risco de c\u00e2ncer. No entanto, <\/span><b>pr\u00f3statas acima de 40g<\/b><span style=\"font-weight: 400;\"> exigem investiga\u00e7\u00e3o, principalmente se houver sintomas associados ou altera\u00e7\u00e3o nos exames de rastreamento, como o toque retal e o PSA (ant\u00edgeno prost\u00e1tico espec\u00edfico).<\/span><\/p>\n<p><span style=\"font-weight: 400;\">Sendo assim, o que define o risco <\/span><b>n\u00e3o \u00e9 apenas o volume da gl\u00e2ndula<\/b><span style=\"font-weight: 400;\">, mas um conjunto de fatores, como:<\/span><\/p>\n<ul>\n<li style=\"font-weight: 400;\" aria-level=\"1\"><span style=\"font-weight: 400;\">Velocidade de crescimento<\/span><\/li>\n<li style=\"font-weight: 400;\" aria-level=\"1\"><span style=\"font-weight: 400;\">Presen\u00e7a de \u00e1reas endurecidas ao toque<\/span><\/li>\n<li style=\"font-weight: 400;\" aria-level=\"1\"><span style=\"font-weight: 400;\">N\u00edveis elevados ou em ascens\u00e3o do PSA<\/span><\/li>\n<li style=\"font-weight: 400;\" aria-level=\"1\"><span style=\"font-weight: 400;\">Altera\u00e7\u00f5es detectadas por exames de imagem<\/span><\/li>\n<\/ul>\n<p><span style=\"font-weight: 400;\">O acompanhamento m\u00e9dico regular \u00e9 o que permite interpretar essas informa\u00e7\u00f5es de forma segura, evitando diagn\u00f3sticos tardios e promovendo o cuidado preventivo.<\/span><\/p>\n<h2><b>C\u00e2ncer de pr\u00f3stata tem cura?<\/b><\/h2>\n<p><span style=\"font-weight: 400;\">Receber um diagn\u00f3stico de <\/span><b>c\u00e2ncer de pr\u00f3stata<\/b><span style=\"font-weight: 400;\"> pode causar muitas d\u00favidas e inseguran\u00e7as. \u00c9 comum que a primeira pergunta seja: <\/span><i><span style=\"font-weight: 400;\">e agora, o que acontece comigo?<\/span><\/i><\/p>\n<p><span style=\"font-weight: 400;\">A boa not\u00edcia \u00e9 que, quando identificado precocemente, o c\u00e2ncer de pr\u00f3stata pode ser tratado com sucesso.<\/span><\/p>\n<p><span style=\"font-weight: 400;\">As possibilidades de controle s\u00e3o ainda maiores quando o tumor est\u00e1 localizado apenas na pr\u00f3stata, sem se espalhar para outras partes do corpo.<\/span><\/p>\n<p><span style=\"font-weight: 400;\">No entanto, \u00e9 importante compreender que cada pessoa \u00e9 \u00fanica. A escolha do tratamento depende de v\u00e1rios fatores, como:<\/span><\/p>\n<ul>\n<li style=\"font-weight: 400;\" aria-level=\"1\"><span style=\"font-weight: 400;\">O est\u00e1gio em que a doen\u00e7a foi diagnosticada<\/span><\/li>\n<li style=\"font-weight: 400;\" aria-level=\"1\"><span style=\"font-weight: 400;\">A idade e as condi\u00e7\u00f5es de sa\u00fade da pessoa<\/span><\/li>\n<li style=\"font-weight: 400;\" aria-level=\"1\"><span style=\"font-weight: 400;\">O tipo e o comportamento do tumor<\/span><\/li>\n<li style=\"font-weight: 400;\" aria-level=\"1\"><span style=\"font-weight: 400;\">A forma como esse cuidado se encaixa no estilo de vida de quem vai passar por ele<\/span><\/li>\n<\/ul>\n<p><span style=\"font-weight: 400;\">Em muitos casos, o c\u00e2ncer evolui de forma t\u00e3o lenta que, por isso, pode ser apenas monitorado, sem a necessidade de interven\u00e7\u00e3o imediata.<\/span><\/p>\n<p><span style=\"font-weight: 400;\">J\u00e1 em outros casos, o tratamento pode envolver cirurgia, radioterapia, hormonioterapia ou combina\u00e7\u00f5es dessas abordagens. Tudo isso, \u00e9 claro, sempre com <\/span><b>acompanhamento cuidadoso e personalizado.<\/b><\/p>\n<p><span style=\"font-weight: 400;\">Por isso, mais do que falar sobre tratamento, \u00e9 essencial pensar em qualidade de vida. Em acompanhar de perto. Em oferecer suporte n\u00e3o s\u00f3 m\u00e9dico, mas tamb\u00e9m emocional.<\/span><\/p>\n<p><span style=\"font-weight: 400;\">Afinal, \u00e9 isso que torna o cuidado mais humano: estar ao lado, escutando, explicando e caminhando junto, com respeito \u00e0s escolhas e ao tempo de cada pessoa.<\/span><\/p>\n<p><span style=\"font-weight: 400;\">Algumas atitudes podem fazer toda a diferen\u00e7a:<\/span><\/p>\n<ul>\n<li style=\"font-weight: 400;\" aria-level=\"1\"><span style=\"font-weight: 400;\">Procure estar em dia com os exames de rotina.<\/span><\/li>\n<li style=\"font-weight: 400;\" aria-level=\"1\"><span style=\"font-weight: 400;\">Converse com seu m\u00e9dico sobre o hist\u00f3rico familiar.<\/span><\/li>\n<li style=\"font-weight: 400;\" aria-level=\"1\"><span style=\"font-weight: 400;\">Preste aten\u00e7\u00e3o aos sinais do seu corpo, mesmo que pare\u00e7am pequenos.<\/span><\/li>\n<li style=\"font-weight: 400;\" aria-level=\"1\"><span style=\"font-weight: 400;\">Diante de qualquer d\u00favida ou sintoma, n\u00e3o adie a consulta.<\/span><\/li>\n<\/ul>\n<p><span style=\"font-weight: 400;\">Lembre-se: quanto antes o <\/span><b>c\u00e2ncer de pr\u00f3stata<\/b><span style=\"font-weight: 400;\"> for identificado, maiores s\u00e3o as possibilidades de cuidado.<\/span><\/p>\n\n<h2><b>Formas de preven\u00e7\u00e3o do c\u00e2ncer de pr\u00f3stata<\/b><\/h2>\n<p><span style=\"font-weight: 400;\">A preven\u00e7\u00e3o do <\/span><b>c\u00e2ncer de pr\u00f3stata<\/b><span style=\"font-weight: 400;\"> come\u00e7a muito antes dos sintomas. Ela est\u00e1 relacionada a escolhas do dia a dia, ao conhecimento sobre o pr\u00f3prio corpo e ao acesso a informa\u00e7\u00f5es de qualidade.<\/span><\/p>\n<p><span style=\"font-weight: 400;\">Mais do que evitar a doen\u00e7a, prevenir significa tomar decis\u00f5es que detectam altera\u00e7\u00f5es de forma precoce, investindo em um cuidado que antecipa poss\u00edveis interven\u00e7\u00f5es.\u00a0<\/span><\/p>\n<p><span style=\"font-weight: 400;\">A seguir, reunimos mais algumas formas de preven\u00e7\u00e3o que v\u00e3o al\u00e9m dos exames tradicionais:<\/span><\/p>\n<ul>\n<li style=\"font-weight: 400;\" aria-level=\"1\"><b>Converse com sua fam\u00edlia sobre hist\u00f3rico de sa\u00fade.<\/b><b><br \/>\n<\/b><span style=\"font-weight: 400;\"> Homens com pai ou irm\u00e3os que j\u00e1 tiveram c\u00e2ncer de pr\u00f3stata devem come\u00e7ar o acompanhamento mais cedo, a partir dos 45 anos. Segundo o INCA, o hist\u00f3rico familiar \u00e9 um dos principais fatores de risco.<\/span><\/li>\n<li style=\"font-weight: 400;\" aria-level=\"1\"><b>N\u00e3o espere sentir sintomas para procurar orienta\u00e7\u00e3o.<\/b><b><br \/>\n<\/b><span style=\"font-weight: 400;\"> Em muitos casos, o c\u00e2ncer evolui de forma silenciosa. A preven\u00e7\u00e3o passa por consultas regulares mesmo na aus\u00eancia de sinais.<\/span><\/li>\n<li style=\"font-weight: 400;\" aria-level=\"1\"><b>Adote uma alimenta\u00e7\u00e3o com menos alimentos ultraprocessados.<\/b><b><br \/>\n<\/b><span style=\"font-weight: 400;\">Uma dieta rica em frutas, vegetais, legumes, gr\u00e3os e fontes de gorduras boas (como azeite e castanhas) pode contribuir para reduzir processos inflamat\u00f3rios e preservar a sa\u00fade da pr\u00f3stata.<\/span><\/li>\n<li style=\"font-weight: 400;\" aria-level=\"1\"><b>Mantenha consultas regulares mesmo ap\u00f3s os 60 anos.<\/b><b><br \/>\n<\/b><span style=\"font-weight: 400;\"> A partir dessa faixa et\u00e1ria, o risco aumenta. A frequ\u00eancia das avalia\u00e7\u00f5es deve ser mantida ou at\u00e9 intensificada, conforme a orienta\u00e7\u00e3o do m\u00e9dico.<\/span><\/li>\n<li style=\"font-weight: 400;\" aria-level=\"1\"><b>Pratique atividades que tamb\u00e9m cuidem da sa\u00fade emocional.<\/b><b><br \/>\n<\/b><span style=\"font-weight: 400;\"> O bem-estar mental influencia diretamente o corpo. Caminhar, meditar, socializar e cuidar do sono s\u00e3o formas de manter o organismo em equil\u00edbrio.<\/span><\/li>\n<li style=\"font-weight: 400;\" aria-level=\"1\"><b>Evite automedica\u00e7\u00e3o, especialmente com horm\u00f4nios.<\/b><b><br \/>\n<\/b><span style=\"font-weight: 400;\"> O uso de testosterona sem acompanhamento m\u00e9dico pode interferir no equil\u00edbrio da pr\u00f3stata e mascarar altera\u00e7\u00f5es importantes.<\/span><\/li>\n<li style=\"font-weight: 400;\" aria-level=\"1\"><b>Acompanhe a sa\u00fade como parte da sua rotina.<\/b><b><br \/>\n<\/b><span style=\"font-weight: 400;\"> Preven\u00e7\u00e3o n\u00e3o \u00e9 algo pontual, mas um h\u00e1bito que se fortalece com o tempo e com o cuidado com a pr\u00f3pria hist\u00f3ria.<\/span><\/li>\n<\/ul>\n<p><span style=\"font-weight: 400;\">Sendo assim, prevenir o c\u00e2ncer de pr\u00f3stata n\u00e3o se limita a exames. \u00c9 sobre cultivar aten\u00e7\u00e3o, v\u00ednculos com profissionais de sa\u00fade e escolhas que somam ao longo da vida.<\/span><\/p>\n<h2><b>Tratamentos para c\u00e2ncer de pr\u00f3stata<\/b><\/h2>\n<div id=\"attachment_189\" style=\"width: 1034px\" class=\"wp-caption aligncenter\"><img decoding=\"async\" aria-describedby=\"caption-attachment-189\" class=\"wp-image-189 size-large\" src=\"https:\/\/cromaoncologia.com.br\/sobre-o-cancer\/wp-content\/uploads\/2025\/08\/iStock-1482761888-1-1024x683.jpg\" alt=\"M\u00e9dico mostrando ao paciente representa\u00e7\u00e3o da pr\u00f3stata\" width=\"1024\" height=\"683\" srcset=\"https:\/\/cromaoncologia.com.br\/sobre-o-cancer\/wp-content\/uploads\/2025\/08\/iStock-1482761888-1-1024x683.jpg 1024w, https:\/\/cromaoncologia.com.br\/sobre-o-cancer\/wp-content\/uploads\/2025\/08\/iStock-1482761888-1-300x200.jpg 300w, https:\/\/cromaoncologia.com.br\/sobre-o-cancer\/wp-content\/uploads\/2025\/08\/iStock-1482761888-1-768x513.jpg 768w, https:\/\/cromaoncologia.com.br\/sobre-o-cancer\/wp-content\/uploads\/2025\/08\/iStock-1482761888-1.jpg 1254w\" sizes=\"(max-width: 1024px) 100vw, 1024px\" \/><p id=\"caption-attachment-189\" class=\"wp-caption-text\">Tratamentos para c\u00e2ncer de pr\u00f3stata<\/p><\/div>\n<p><b>\u201cAssim que soube do diagn\u00f3stico, meu maior medo era o desconhecido. O que viria depois?\u201d<\/b><\/p>\n<p><span style=\"font-weight: 400;\">Essa d\u00favida \u00e9 comum e compreens\u00edvel.\u00a0<\/span><\/p>\n<p><span style=\"font-weight: 400;\">Contudo, \u00e9 importante entender que, quando diagnosticado precocemente, o <\/span><b>c\u00e2ncer de pr\u00f3stata<\/b><span style=\"font-weight: 400;\"> pode ser controlado com diferentes estrat\u00e9gias, e o acompanhamento adequado pode tornar o tratamento mais claro, humano e previs\u00edvel.<\/span><\/p>\n<p><span style=\"font-weight: 400;\">Cada plano terap\u00eautico leva em conta o est\u00e1gio da doen\u00e7a, o perfil da pessoa, seu hist\u00f3rico de sa\u00fade e as caracter\u00edsticas espec\u00edficas do tumor.<\/span><\/p>\n<p><b>Nem todos os casos exigem interven\u00e7\u00e3o imediata. Em alguns, o acompanhamento ativo \u00e9 suficiente. Em outros, a combina\u00e7\u00e3o de tratamentos pode trazer bons resultados.<\/b><\/p>\n<p><span style=\"font-weight: 400;\">Segundo o<\/span><a href=\"https:\/\/www.inca.gov.br\/sites\/ufu.sti.inca.local\/files\/media\/document\/rrc-26-ciencia-um-novo-tratamento-contra-o-cancer-de-prostata.pdf\"> <span style=\"font-weight: 400;\">INCA<\/span><\/a><span style=\"font-weight: 400;\">, os avan\u00e7os na ci\u00eancia t\u00eam permitido novas abordagens terap\u00eauticas com foco na personaliza\u00e7\u00e3o do cuidado, algo essencial quando falamos em sa\u00fade masculina.<\/span><\/p>\n<p><span style=\"font-weight: 400;\">A seguir, conhe\u00e7a as principais formas de tratamento para o c\u00e2ncer de pr\u00f3stata:<\/span><\/p>\n<h3><b>Acompanhamento ativo<\/b><\/h3>\n<p><span style=\"font-weight: 400;\">Em tumores de crescimento lento, especialmente em homens mais velhos ou com outras condi\u00e7\u00f5es de sa\u00fade, pode-se optar por acompanhar a evolu\u00e7\u00e3o da doen\u00e7a sem iniciar o tratamento de imediato.<\/span><\/p>\n<ul>\n<li style=\"font-weight: 400;\" aria-level=\"1\"><span style=\"font-weight: 400;\">Envolve consultas regulares e exames peri\u00f3dicos<\/span><\/li>\n<li style=\"font-weight: 400;\" aria-level=\"1\"><span style=\"font-weight: 400;\">Evita efeitos colaterais desnecess\u00e1rios<\/span><\/li>\n<li style=\"font-weight: 400;\" aria-level=\"1\"><span style=\"font-weight: 400;\">Pode ser indicado quando o risco de progress\u00e3o \u00e9 baixo<\/span><\/li>\n<\/ul>\n<h3><b>Cirurgia<\/b><\/h3>\n<p><span style=\"font-weight: 400;\">A remo\u00e7\u00e3o da pr\u00f3stata (prostatectomia) \u00e9 indicada em casos localizados e com potencial de progress\u00e3o. Pode ser feita por diferentes t\u00e9cnicas, como:<\/span><\/p>\n<ul>\n<li style=\"font-weight: 400;\" aria-level=\"1\"><span style=\"font-weight: 400;\">Cirurgia aberta convencional<\/span><\/li>\n<li style=\"font-weight: 400;\" aria-level=\"1\"><span style=\"font-weight: 400;\">Cirurgia minimamente invasiva (laparoscopia ou rob\u00f3tica)<\/span><\/li>\n<li style=\"font-weight: 400;\" aria-level=\"1\"><span style=\"font-weight: 400;\">Com ou sem preserva\u00e7\u00e3o de nervos relacionados \u00e0 fun\u00e7\u00e3o sexual e urin\u00e1ria<\/span><\/li>\n<\/ul>\n<p><span style=\"font-weight: 400;\">A escolha da abordagem depende da experi\u00eancia da equipe e da avalia\u00e7\u00e3o cl\u00ednica individual.<\/span><\/p>\n<h3><b>Radioterapia<\/b><\/h3>\n<p><span style=\"font-weight: 400;\">A radioterapia utiliza radia\u00e7\u00e3o para destruir c\u00e9lulas tumorais. Pode ser realizada de forma externa (feixe direcionado) ou interna (braquiterapia).<\/span><\/p>\n<ul>\n<li style=\"font-weight: 400;\" aria-level=\"1\"><span style=\"font-weight: 400;\">\u00c9 indicada para tumores localizados ou como complemento \u00e0 cirurgia<\/span><\/li>\n<li style=\"font-weight: 400;\" aria-level=\"1\"><span style=\"font-weight: 400;\">O tratamento \u00e9 planejado para preservar tecidos saud\u00e1veis<\/span><\/li>\n<li style=\"font-weight: 400;\" aria-level=\"1\"><span style=\"font-weight: 400;\">Pode causar efeitos tempor\u00e1rios, como irrita\u00e7\u00e3o urin\u00e1ria ou intestinal<\/span><\/li>\n<\/ul>\n<h3><b>Hormonioterapia<\/b><\/h3>\n<p><span style=\"font-weight: 400;\">Essa forma de tratamento atua reduzindo os n\u00edveis de testosterona, horm\u00f4nio que pode estimular o crescimento do tumor.<\/span><\/p>\n<ul>\n<li style=\"font-weight: 400;\" aria-level=\"1\"><span style=\"font-weight: 400;\">Pode ser usada isoladamente ou em combina\u00e7\u00e3o com outras terapias<\/span><\/li>\n<li style=\"font-weight: 400;\" aria-level=\"1\"><span style=\"font-weight: 400;\">\u00c9 especialmente \u00fatil em tumores avan\u00e7ados ou metast\u00e1ticos<\/span><\/li>\n<li style=\"font-weight: 400;\" aria-level=\"1\"><span style=\"font-weight: 400;\">Os efeitos colaterais incluem altera\u00e7\u00f5es hormonais e metab\u00f3licas que devem ser monitoradas<\/span><\/li>\n<\/ul>\n<h3><b>Novas terapias e combina\u00e7\u00f5es<\/b><\/h3>\n<p><span style=\"font-weight: 400;\">Nos casos mais avan\u00e7ados de c\u00e2ncer de pr\u00f3stata, quando a hormonioterapia n\u00e3o \u00e9 suficiente para conter a doen\u00e7a, a quimioterapia pode ser indicada. Isso costuma acontecer quando o tumor j\u00e1 est\u00e1 espalhado para outros \u00f3rg\u00e3os, como os ossos.<\/span><\/p>\n<p><span style=\"font-weight: 400;\">Al\u00e9m da quimioterapia, novas op\u00e7\u00f5es de tratamento surgiram, como as <\/span><b>terapias hormonais mais modernas<\/b><span style=\"font-weight: 400;\">. Esses medicamentos ajudam a controlar o crescimento do tumor mesmo quando ele j\u00e1 n\u00e3o responde bem \u00e0 terapia hormonal tradicional.<\/span><\/p>\n<p><span style=\"font-weight: 400;\">Em situa\u00e7\u00f5es de dor \u00f3ssea, comuns em casos com met\u00e1stase, podem ser usados <\/span><b>corticosteroides e bisfosfonatos<\/b><span style=\"font-weight: 400;\">, que ajudam a aliviar o desconforto e melhorar a qualidade de vida.<\/span><\/p>\n<p><span style=\"font-weight: 400;\">Essas combina\u00e7\u00f5es visam <\/span><a href=\"https:\/\/www.gov.br\/inca\/pt-br\/assuntos\/cancer\/tipos\/prostata\/versao-para-profissionais-de-saude\"><span style=\"font-weight: 400;\">melhorar a qualidade de vida<\/span><\/a><span style=\"font-weight: 400;\">, controlar os sintomas e oferecer mais autonomia ao paciente durante o tratamento.<\/span><\/p>\n<h3><b>A import\u00e2ncia do cuidado coordenado na jornada oncol\u00f3gica<\/b><\/h3>\n<p><span style=\"font-weight: 400;\">Quando se fala em tratamento do <\/span><b>c\u00e2ncer de pr\u00f3stata<\/b><span style=\"font-weight: 400;\">, cada etapa conta. Desde os primeiros exames at\u00e9 o acompanhamento ap\u00f3s o tratamento, o cuidado precisa ser claro, conectado e respeitoso com as necessidades de cada pessoa.<\/span><\/p>\n<p><span style=\"font-weight: 400;\">Na <\/span><b>Croma Oncologia<\/b><span style=\"font-weight: 400;\">, mapeamos toda a <\/span><b>linha de cuidado para o c\u00e2ncer de pr\u00f3stata<\/b><span style=\"font-weight: 400;\"> \u2014 o que inclui exames de imagem e laboratoriais, consultas com especialistas, decis\u00f5es terap\u00eauticas e o suporte no p\u00f3s-tratamento.<\/span><\/p>\n<p><span style=\"font-weight: 400;\">Na Croma Oncologia, cada paciente \u00e9 acompanhado por profissionais especializados que integram as decis\u00f5es em <\/span><b>linhas de cuidado por tipo de tumor<\/b><span style=\"font-weight: 400;\">.\u00a0<\/span><\/p>\n<p><span style=\"font-weight: 400;\">Isso permite:<\/span><\/p>\n<ul>\n<li style=\"font-weight: 400;\" aria-level=\"1\"><span style=\"font-weight: 400;\">In\u00edcio mais r\u00e1pido do tratamento ap\u00f3s o diagn\u00f3stico<\/span><\/li>\n<li style=\"font-weight: 400;\" aria-level=\"1\"><span style=\"font-weight: 400;\">Comunica\u00e7\u00e3o constante entre os profissionais envolvidos no cuidado<\/span><\/li>\n<li style=\"font-weight: 400;\" aria-level=\"1\"><span style=\"font-weight: 400;\">Acompanhamento cont\u00ednuo com aten\u00e7\u00e3o ao bem-estar f\u00edsico, emocional e social<\/span><\/li>\n<\/ul>\n<h2><b>A Croma Oncologia<\/b><\/h2>\n<div id=\"attachment_190\" style=\"width: 1034px\" class=\"wp-caption aligncenter\"><img loading=\"lazy\" decoding=\"async\" aria-describedby=\"caption-attachment-190\" class=\"wp-image-190 size-large\" src=\"https:\/\/cromaoncologia.com.br\/sobre-o-cancer\/wp-content\/uploads\/2025\/08\/Croma-Morumbi-1024x575.png\" alt=\"Croma Morumbi\" width=\"1024\" height=\"575\" srcset=\"https:\/\/cromaoncologia.com.br\/sobre-o-cancer\/wp-content\/uploads\/2025\/08\/Croma-Morumbi-1024x575.png 1024w, https:\/\/cromaoncologia.com.br\/sobre-o-cancer\/wp-content\/uploads\/2025\/08\/Croma-Morumbi-300x169.png 300w, https:\/\/cromaoncologia.com.br\/sobre-o-cancer\/wp-content\/uploads\/2025\/08\/Croma-Morumbi-768x431.png 768w, https:\/\/cromaoncologia.com.br\/sobre-o-cancer\/wp-content\/uploads\/2025\/08\/Croma-Morumbi-1536x863.png 1536w, https:\/\/cromaoncologia.com.br\/sobre-o-cancer\/wp-content\/uploads\/2025\/08\/Croma-Morumbi-2048x1151.png 2048w\" sizes=\"(max-width: 1024px) 100vw, 1024px\" \/><p id=\"caption-attachment-190\" class=\"wp-caption-text\">Sobre a Croma Oncologia<\/p><\/div>\n<p><span style=\"font-weight: 400;\">Cuidar de algu\u00e9m que passa por um diagn\u00f3stico oncol\u00f3gico \u00e9, antes de tudo, escutar. Entender medos, d\u00favidas, expectativas.<\/span><\/p>\n<p><span style=\"font-weight: 400;\">\u00c9 tamb\u00e9m saber que o tratamento come\u00e7a muito antes da primeira consulta, e continua mesmo ap\u00f3s a \u00faltima etapa cl\u00ednica.<\/span><\/p>\n<p><span style=\"font-weight: 400;\">A <\/span><b>Croma Oncologia<\/b><span style=\"font-weight: 400;\"> nasceu com esse prop\u00f3sito: oferecer um <\/span><b>novo modelo em cuidado oncol\u00f3gico<\/b><span style=\"font-weight: 400;\">, centrado na pessoa e na sua hist\u00f3ria. Aqui, o cuidado \u00e9 constru\u00eddo com respeito, escuta ativa e tempo para cada decis\u00e3o.<\/span><\/p>\n<p><span style=\"font-weight: 400;\">Por meio de <\/span><b>linhas de cuidado organizadas por tipo de tumor<\/b><span style=\"font-weight: 400;\">, a Croma conecta profissionais especializados, cl\u00ednicas, hospitais e laborat\u00f3rios em uma jornada cont\u00ednua e integrada. Isso permite:<\/span><\/p>\n<ul>\n<li style=\"font-weight: 400;\" aria-level=\"1\"><span style=\"font-weight: 400;\">Diagn\u00f3stico \u00e1gil, com foco na compreens\u00e3o do caso e n\u00e3o s\u00f3 nos exames<\/span><\/li>\n<li style=\"font-weight: 400;\" aria-level=\"1\"><span style=\"font-weight: 400;\">Tratamentos planejados com base no perfil e nas prefer\u00eancias de cada paciente<\/span><\/li>\n<li style=\"font-weight: 400;\" aria-level=\"1\"><span style=\"font-weight: 400;\">Acompanhamento durante todas as fases da experi\u00eancia oncol\u00f3gica, inclusive no p\u00f3s-tratamento<\/span><\/li>\n<\/ul>\n<p><span style=\"font-weight: 400;\">Esse modelo \u00e9 poss\u00edvel gra\u00e7as a uma rede de parceiros de refer\u00eancia, como a <\/span><b>BP \u2013 A Benefic\u00eancia Portuguesa de S\u00e3o Paulo<\/b><span style=\"font-weight: 400;\">, <\/span><b>Atl\u00e2ntica Hospitais<\/b><span style=\"font-weight: 400;\"> e o <\/span><b>Grupo Fleury<\/b><span style=\"font-weight: 400;\">. Juntos, tornamos o acesso ao cuidado mais fluido e com menos etapas dispersas.<\/span><\/p>\n<p><span style=\"font-weight: 400;\">Na pr\u00e1tica, isso significa que cada pessoa \u00e9 acompanhada de forma coordenada e integral, desde os primeiros sinais at\u00e9 o momento de retomar a rotina com mais tranquilidade.<\/span><\/p>\n<h2><b>Conclus\u00e3o<\/b><\/h2>\n<p><span style=\"font-weight: 400;\">Falar sobre <\/span><b>c\u00e2ncer de pr\u00f3stata<\/b><span style=\"font-weight: 400;\"> \u00e9 tamb\u00e9m abrir espa\u00e7o para escolhas mais conscientes. Estar atento aos sinais, conversar sobre sa\u00fade com naturalidade e buscar acompanhamento m\u00e9dico regular s\u00e3o atitudes que podem transformar o cuidado.<\/span><\/p>\n<p><span style=\"font-weight: 400;\">Quando o diagn\u00f3stico vem, \u00e9 natural sentir d\u00favidas. Mas com o suporte certo, um plano claro e profissionais que realmente escutam, a jornada se torna menos pesada e mais leve e acolhedora.<\/span><\/p>\n<p><span style=\"font-weight: 400;\">Na <\/span><b>Croma Oncologia<\/b><span style=\"font-weight: 400;\">, acreditamos que cada caminho deve ser constru\u00eddo com acolhimento, respeito e escuta. Oferecemos um <\/span><b>cuidado coordenado e integral<\/b><span style=\"font-weight: 400;\">, onde o paciente \u00e9 visto como protagonista da sua hist\u00f3ria.<\/span><\/p>\n\n<p><b>Refer\u00eancias<\/b><\/p>\n<ul>\n<li style=\"font-weight: 400;\" aria-level=\"1\"><b>INCA \u2013 Instituto Nacional de C\u00e2ncer.<\/b><span style=\"font-weight: 400;\"> C\u00e2ncer de pr\u00f3stata: vers\u00e3o para profissionais de sa\u00fade. Dispon\u00edvel em:<\/span><a href=\"https:\/\/www.gov.br\/inca\/pt-br\/assuntos\/cancer\/tipos\/prostata\/versao-para-profissionais-de-saude\"> <span style=\"font-weight: 400;\">https:\/\/www.gov.br\/inca\/pt-br\/assuntos\/cancer\/tipos\/prostata\/versao-para-profissionais-de-saude<\/span><\/a><\/li>\n<li style=\"font-weight: 400;\" aria-level=\"1\"><b>Minist\u00e9rio da Sa\u00fade.<\/b><span style=\"font-weight: 400;\"> Doen\u00e7as da pr\u00f3stata. Dispon\u00edvel em:<\/span><a href=\"https:\/\/bvsms.saude.gov.br\/bvs\/dicas\/73doencas_prostata.html\"> <span style=\"font-weight: 400;\">https:\/\/bvsms.saude.gov.br\/bvs\/dicas\/73doencas_prostata.html<\/span><\/a><\/li>\n<li style=\"font-weight: 400;\" aria-level=\"1\"><b>Minist\u00e9rio da Sa\u00fade.<\/b><span style=\"font-weight: 400;\"> C\u00e2ncer de pr\u00f3stata. Dispon\u00edvel em:<\/span><a href=\"https:\/\/www.gov.br\/saude\/pt-br\/assuntos\/saude-de-a-a-z\/c\/cancer-de-prostata\"> <span style=\"font-weight: 400;\">https:\/\/www.gov.br\/saude\/pt-br\/assuntos\/saude-de-a-a-z\/c\/cancer-de-prostata<\/span><\/a><\/li>\n<li style=\"font-weight: 400;\" aria-level=\"1\"><b>INCA \u2013 Instituto Nacional de C\u00e2ncer.<\/b><span style=\"font-weight: 400;\"> INCA estima 704 mil casos de c\u00e2ncer por ano no Brasil at\u00e9 2025. Dispon\u00edvel em:<\/span><a href=\"https:\/\/www.gov.br\/inca\/pt-br\/assuntos\/noticias\/2022\/inca-estima-704-mil-casos-de-cancer-por-ano-no-brasil-ate-2025\"> <span style=\"font-weight: 400;\">https:\/\/www.gov.br\/inca\/pt-br\/assuntos\/noticias\/2022\/inca-estima-704-mil-casos-de-cancer-por-ano-no-brasil-ate-2025<\/span><\/a><\/li>\n<\/ul>\n\n","protected":false},"excerpt":{"rendered":"<p>\u201cEle come\u00e7ou a levantar v\u00e1rias vezes \u00e0 noite para urinar. Depois vieram as dores nas costas. Pensava que era da idade\u2026 at\u00e9 procurar ajuda.\u201d Hist\u00f3rias como essa s\u00e3o mais comuns do que se imagina. Muitas vezes, os sintomas de c\u00e2ncer de pr\u00f3stata surgem de forma discreta e v\u00e3o sendo atribu\u00eddos ao envelhecimento ou ao cansa\u00e7o [&hellip;]<\/p>\n","protected":false},"author":8,"featured_media":187,"comment_status":"open","ping_status":"open","sticky":false,"template":"","format":"standard","meta":{"_acf_changed":false,"om_disable_all_campaigns":false,"_monsterinsights_skip_tracking":false,"_monsterinsights_sitenote_active":false,"_monsterinsights_sitenote_note":"","_monsterinsights_sitenote_category":0,"footnotes":""},"categories":[13],"tags":[21],"class_list":["post-186","post","type-post","status-publish","format-standard","has-post-thumbnail","hentry","category-tipos-de-cancer","tag-cancer-de-prostata"],"acf":[],"aioseo_notices":[],"_links":{"self":[{"href":"https:\/\/cromaoncologia.com.br\/sobre-o-cancer\/wp-json\/wp\/v2\/posts\/186","targetHints":{"allow":["GET"]}}],"collection":[{"href":"https:\/\/cromaoncologia.com.br\/sobre-o-cancer\/wp-json\/wp\/v2\/posts"}],"about":[{"href":"https:\/\/cromaoncologia.com.br\/sobre-o-cancer\/wp-json\/wp\/v2\/types\/post"}],"author":[{"embeddable":true,"href":"https:\/\/cromaoncologia.com.br\/sobre-o-cancer\/wp-json\/wp\/v2\/users\/8"}],"replies":[{"embeddable":true,"href":"https:\/\/cromaoncologia.com.br\/sobre-o-cancer\/wp-json\/wp\/v2\/comments?post=186"}],"version-history":[{"count":4,"href":"https:\/\/cromaoncologia.com.br\/sobre-o-cancer\/wp-json\/wp\/v2\/posts\/186\/revisions"}],"predecessor-version":[{"id":438,"href":"https:\/\/cromaoncologia.com.br\/sobre-o-cancer\/wp-json\/wp\/v2\/posts\/186\/revisions\/438"}],"wp:featuredmedia":[{"embeddable":true,"href":"https:\/\/cromaoncologia.com.br\/sobre-o-cancer\/wp-json\/wp\/v2\/media\/187"}],"wp:attachment":[{"href":"https:\/\/cromaoncologia.com.br\/sobre-o-cancer\/wp-json\/wp\/v2\/media?parent=186"}],"wp:term":[{"taxonomy":"category","embeddable":true,"href":"https:\/\/cromaoncologia.com.br\/sobre-o-cancer\/wp-json\/wp\/v2\/categories?post=186"},{"taxonomy":"post_tag","embeddable":true,"href":"https:\/\/cromaoncologia.com.br\/sobre-o-cancer\/wp-json\/wp\/v2\/tags?post=186"}],"curies":[{"name":"wp","href":"https:\/\/api.w.org\/{rel}","templated":true}]}}