{"id":197,"date":"2025-08-21T15:17:04","date_gmt":"2025-08-21T18:17:04","guid":{"rendered":"https:\/\/cromaoncologia.com.br\/sobre-o-cancer\/?p=197"},"modified":"2026-04-13T23:47:01","modified_gmt":"2026-04-14T02:47:01","slug":"tratamentos-para-cancer-colorretal","status":"publish","type":"post","link":"https:\/\/cromaoncologia.com.br\/sobre-o-cancer\/tratamentos-para-cancer-colorretal\/","title":{"rendered":"Quais s\u00e3o os tratamentos para o c\u00e2ncer colorretal no Brasil?"},"content":{"rendered":"<div id=\"attachment_198\" style=\"width: 1034px\" class=\"wp-caption aligncenter\"><img fetchpriority=\"high\" decoding=\"async\" aria-describedby=\"caption-attachment-198\" class=\"wp-image-198 size-large\" src=\"https:\/\/cromaoncologia.com.br\/sobre-o-cancer\/wp-content\/uploads\/2025\/08\/iStock-1606727361-1024x450.jpg\" alt=\"M\u00e9dico demonstrando sistema retal humano\" width=\"1024\" height=\"450\" srcset=\"https:\/\/cromaoncologia.com.br\/sobre-o-cancer\/wp-content\/uploads\/2025\/08\/iStock-1606727361-1024x450.jpg 1024w, https:\/\/cromaoncologia.com.br\/sobre-o-cancer\/wp-content\/uploads\/2025\/08\/iStock-1606727361-300x132.jpg 300w, https:\/\/cromaoncologia.com.br\/sobre-o-cancer\/wp-content\/uploads\/2025\/08\/iStock-1606727361-768x338.jpg 768w, https:\/\/cromaoncologia.com.br\/sobre-o-cancer\/wp-content\/uploads\/2025\/08\/iStock-1606727361-1536x675.jpg 1536w, https:\/\/cromaoncologia.com.br\/sobre-o-cancer\/wp-content\/uploads\/2025\/08\/iStock-1606727361.jpg 1545w\" sizes=\"(max-width: 1024px) 100vw, 1024px\" \/><p id=\"caption-attachment-198\" class=\"wp-caption-text\">Quais os tratamentos para o c\u00e2ncer colorretal no Brasil?<\/p><\/div>\n<p><span style=\"font-weight: 400;\">Segundo dados do Observat\u00f3rio de Sa\u00fade P\u00fablica, o <\/span><a href=\"https:\/\/biblioteca.observatoriosaudepublica.com.br\/blog\/cancer-colorretal-terceiro-tipo-de-tumor-mais-comum-no-brasil\/#:~:text=O%20c%C3%A2ncer%20colorretal%20%C3%A9%20o,contra%2021.970%20para%20os%20homens.\"><b>c\u00e2ncer colorretal \u00e9 o terceiro tipo mais comum no Brasil<\/b><\/a><span style=\"font-weight: 400;\">, tanto em homens quanto em mulheres.<\/span><\/p>\n<p><span style=\"font-weight: 400;\">Em 2023, foram estimados mais de 45 mil novos casos \u2014 um n\u00famero que chama aten\u00e7\u00e3o e refor\u00e7a a necessidade de informa\u00e7\u00e3o e preven\u00e7\u00e3o.<\/span><\/p>\n<p><span style=\"font-weight: 400;\">Diante disso, conhecer os fatores de risco, entender os sintomas, como diagnosticar e saber quais s\u00e3o os <\/span><b>tratamentos para c\u00e2ncer colorretal<\/b><span style=\"font-weight: 400;\"> s\u00e3o passos essenciais para que cada pessoa possa tomar decis\u00f5es com mais seguran\u00e7a.<\/span><\/p>\n<p><span style=\"font-weight: 400;\">Neste artigo, reunimos informa\u00e7\u00f5es claras e confi\u00e1veis para que voc\u00ea:<\/span><\/p>\n<ul>\n<li style=\"font-weight: 400;\" aria-level=\"1\"><span style=\"font-weight: 400;\">Entenda o que \u00e9 o c\u00e2ncer colorretal<\/span><\/li>\n<li style=\"font-weight: 400;\" aria-level=\"1\"><span style=\"font-weight: 400;\">Saiba como preveni-lo de forma pr\u00e1tica<\/span><\/li>\n<li style=\"font-weight: 400;\" aria-level=\"1\"><span style=\"font-weight: 400;\">Conhe\u00e7a os principais tratamentos utilizados no Brasil<\/span><\/li>\n<li style=\"font-weight: 400;\" aria-level=\"1\"><span style=\"font-weight: 400;\">E descubra como profissionais especializados podem fazer diferen\u00e7a nessa jornada<\/span><\/li>\n<\/ul>\n<h2><b>O que \u00e9 c\u00e2ncer colorretal?<\/b><\/h2>\n<p><span style=\"font-weight: 400;\">O c\u00e2ncer colorretal se desenvolve no intestino grosso, mais especificamente no c\u00f3lon ou no reto.\u00a0<\/span><\/p>\n<p><span style=\"font-weight: 400;\">Essas duas regi\u00f5es formam a parte final do sistema digestivo e s\u00e3o respons\u00e1veis por absorver \u00e1gua e armazenar res\u00edduos antes da elimina\u00e7\u00e3o.<\/span><\/p>\n<p><span style=\"font-weight: 400;\">Esse<\/span><span style=\"font-weight: 400;\"><a href=\"https:\/\/cromaoncologia.com.br\/sobre-o-cancer\/tipos-de-cancer\/\"> tipo de c\u00e2ncer<\/a> <\/span><span style=\"font-weight: 400;\">geralmente se origina a partir de pequenos crescimentos no revestimento do intestino, chamados p\u00f3lipos, que podem ser causados por fatores ambientais e\/ou gen\u00e9ticos.<\/span><\/p>\n<p><span style=\"font-weight: 400;\">\u00c9 importante ressaltar que nem todo p\u00f3lipo \u00e9 maligno, por\u00e9m alguns podem se transformar ao longo do tempo, especialmente se n\u00e3o forem identificados precocemente, por isso a aten\u00e7\u00e3o aos exames de rastreio inicial e rotina \u00e9 fundamental.<\/span><\/p>\n<p><span style=\"font-weight: 400;\">Conforme o Instituto Nacional de C\u00e2ncer (INCA), a estimativa para o tri\u00eanio 2023\u20132025 \u00e9 de <\/span><a href=\"https:\/\/www.gov.br\/inca\/pt-br\/assuntos\/cancer\/numeros\/estimativa\/sintese-de-resultados-e-comentarios\/cancer-de-colon-e-reto\"><b>45.630 novos casos <\/b><\/a><b>de c\u00e2ncer de c\u00f3lon e reto por ano<\/b><span style=\"font-weight: 400;\"> no Brasil.\u00a0<\/span><\/p>\n<p><span style=\"font-weight: 400;\">Desse total, 21.970 devem ocorrer em homens e 23.660 em mulheres \u2014 o que representa um risco m\u00e9dio de mais de 21 casos para cada 100 mil brasileiros.<\/span><\/p>\n<h3><b>Fatores de risco mais comuns:<\/b><\/h3>\n<ul>\n<li style=\"font-weight: 400;\" aria-level=\"1\"><span style=\"font-weight: 400;\">Idade acima dos 50 anos<\/span><\/li>\n<li style=\"font-weight: 400;\" aria-level=\"1\"><span style=\"font-weight: 400;\">Hist\u00f3rico familiar de c\u00e2ncer colorretal<\/span><\/li>\n<li style=\"font-weight: 400;\" aria-level=\"1\"><span style=\"font-weight: 400;\">Dieta rica em carnes processadas e pobre em fibras<\/span><\/li>\n<li style=\"font-weight: 400;\" aria-level=\"1\"><span style=\"font-weight: 400;\">Obesidade e sedentarismo<\/span><\/li>\n<li style=\"font-weight: 400;\" aria-level=\"1\"><span style=\"font-weight: 400;\">Consumo excessivo de \u00e1lcool e cigarro<\/span><\/li>\n<li style=\"font-weight: 400;\" aria-level=\"1\"><span style=\"font-weight: 400;\">Presen\u00e7a de doen\u00e7as inflamat\u00f3rias intestinais, como retocolite ulcerativa ou Doen\u00e7a de Crohn<\/span><\/li>\n<\/ul>\n<p><span style=\"font-weight: 400;\">Estar atento a esses fatores e manter acompanhamento m\u00e9dico regular pode contribuir para uma detec\u00e7\u00e3o mais precoce, o que amplia as possibilidades de cuidado e bem-estar.<\/span><\/p>\n<h2><b>Como prevenir o c\u00e2ncer colorretal?<\/b><\/h2>\n<div id=\"attachment_199\" style=\"width: 1034px\" class=\"wp-caption aligncenter\"><img decoding=\"async\" aria-describedby=\"caption-attachment-199\" class=\"wp-image-199 size-large\" src=\"https:\/\/cromaoncologia.com.br\/sobre-o-cancer\/wp-content\/uploads\/2025\/08\/iStock-686431906-1024x683.jpg\" alt=\"M\u00e3os cortando vegetais\" width=\"1024\" height=\"683\" srcset=\"https:\/\/cromaoncologia.com.br\/sobre-o-cancer\/wp-content\/uploads\/2025\/08\/iStock-686431906-1024x683.jpg 1024w, https:\/\/cromaoncologia.com.br\/sobre-o-cancer\/wp-content\/uploads\/2025\/08\/iStock-686431906-300x200.jpg 300w, https:\/\/cromaoncologia.com.br\/sobre-o-cancer\/wp-content\/uploads\/2025\/08\/iStock-686431906-768x513.jpg 768w, https:\/\/cromaoncologia.com.br\/sobre-o-cancer\/wp-content\/uploads\/2025\/08\/iStock-686431906.jpg 1254w\" sizes=\"(max-width: 1024px) 100vw, 1024px\" \/><p id=\"caption-attachment-199\" class=\"wp-caption-text\">Como prevenir o c\u00e2ncer colorretal?<\/p><\/div>\n<p><span style=\"font-weight: 400;\">Quando se fala em c\u00e2ncer colorretal, a preven\u00e7\u00e3o tem papel essencial.<\/span><\/p>\n<p><span style=\"font-weight: 400;\">Mesmo que alguns fatores de risco n\u00e3o sejam modific\u00e1veis, como idade ou predisposi\u00e7\u00e3o gen\u00e9tica, h\u00e1 atitudes que ajudam a reduzir as chances de desenvolver esse tipo de tumor.<\/span><\/p>\n<p><span style=\"font-weight: 400;\">Mais do que um conjunto de medidas isoladas, prevenir o c\u00e2ncer colorretal \u00e9 sobre cuidar da sa\u00fade de forma constante.<\/span><\/p>\n<p><b>Isso envolve h\u00e1bitos, exames e conversas abertas com os profissionais de sa\u00fade.<\/b><\/p>\n<p><span style=\"font-weight: 400;\">Entre as principais estrat\u00e9gias de preven\u00e7\u00e3o est\u00e3o:<\/span><\/p>\n<ul>\n<li style=\"font-weight: 400;\" aria-level=\"1\"><span style=\"font-weight: 400;\">Manter uma alimenta\u00e7\u00e3o rica em fibras, frutas, vegetais e gr\u00e3os integrais<\/span><\/li>\n<li style=\"font-weight: 400;\" aria-level=\"1\"><span style=\"font-weight: 400;\">Reduzir o consumo de carnes processadas e gorduras saturadas<\/span><\/li>\n<li style=\"font-weight: 400;\" aria-level=\"1\"><span style=\"font-weight: 400;\">Praticar atividade f\u00edsica regularmente<\/span><\/li>\n<li style=\"font-weight: 400;\" aria-level=\"1\"><span style=\"font-weight: 400;\">Evitar o tabagismo e o consumo excessivo de \u00e1lcool<\/span><\/li>\n<li style=\"font-weight: 400;\" aria-level=\"1\"><span style=\"font-weight: 400;\">Controlar o peso corporal<\/span><\/li>\n<li style=\"font-weight: 400;\" aria-level=\"1\"><span style=\"font-weight: 400;\">Fazer exames de rastreamento conforme orienta\u00e7\u00e3o m\u00e9dica<\/span><\/li>\n<\/ul>\n<h3><b>Colonoscopia de rotina<\/b><\/h3>\n<p><span style=\"font-weight: 400;\">A colonoscopia \u00e9 um exame que permite visualizar o interior do c\u00f3lon e do reto, identificando les\u00f5es , como p\u00f3lipos, antes que elas se transformem em tumores.<\/span><\/p>\n<p><b>Por isso, a colonoscopia de rotina \u00e9 considerada uma das ferramentas mais eficazes para a detec\u00e7\u00e3o precoce e preven\u00e7\u00e3o do c\u00e2ncer colorretal.<\/b><\/p>\n<p><span style=\"font-weight: 400;\">A primeira colonoscopia deve ser realizada em todas as pessoas a partir dos 45 anos. Ap\u00f3s o primeiro exame a periodicidade do mesmo ser\u00e1 indicada pelo seu m\u00e9dico respons\u00e1vel a depender dos achados.<\/span><\/p>\n<p><span style=\"font-weight: 400;\">Quem tem hist\u00f3rico familiar da doen\u00e7a pode precisar iniciar o rastreamento mais cedo, e a indica\u00e7\u00e3o de quanto tempo deve ser antecipada dever\u00e1 ser indicada tamb\u00e9m pelo seu m\u00e9dico.<\/span><\/p>\n<p><span style=\"font-weight: 400;\">O preparo pode causar desconforto leve, em decorr\u00eancia da restri\u00e7\u00e3o alimentar e necessidade de laxativos para deixar todo o c\u00f3lon limpo. Por\u00e9m, a realiza\u00e7\u00e3o do exame costuma ser r\u00e1pida e segura, com baixo \u00edndice de complica\u00e7\u00e3o.\u00a0<\/span><\/p>\n<p><span style=\"font-weight: 400;\">O impacto positivo para a sa\u00fade \u00e9 significativo, como, por exemplo, ressec\u00e7\u00e3o de les\u00f5es pr\u00e9-malignas, ou seja, se n\u00e3o removidas poderia se transformar em um c\u00e2ncer.<\/span><\/p>\n<h2><b>Tratamentos para c\u00e2ncer colorretal<\/b><\/h2>\n<p><span style=\"font-weight: 400;\">Receber o diagn\u00f3stico de c\u00e2ncer colorretal pode trazer muitas d\u00favidas e inseguran\u00e7as.\u00a0<\/span><\/p>\n<p><span style=\"font-weight: 400;\">Cada pessoa lida de uma forma diferente, mas uma coisa \u00e9 certa: ningu\u00e9m deveria enfrentar essa jornada sozinho.<\/span><\/p>\n<p><b>Portanto, falar de tratamento n\u00e3o \u00e9 s\u00f3 falar de t\u00e9cnica ou procedimento.\u00a0<\/b><\/p>\n<p><span style=\"font-weight: 400;\">\u00c9 falar de cuidado integral e cont\u00ednuo, decis\u00f5es compartilhadas e caminhos poss\u00edveis. \u00c9 olhar para o que \u00e9 melhor para aquela pessoa, naquele momento.<\/span><\/p>\n<p><span style=\"font-weight: 400;\">Sendo assim, o plano terap\u00eautico \u00e9 sempre constru\u00eddo a partir de uma escuta atenta, considerando o tipo de tumor, o est\u00e1gio da doen\u00e7a, a sa\u00fade geral da pessoa e, principalmente, suas prefer\u00eancias e necessidades.<\/span><\/p>\n<p><b>Conhe\u00e7a a seguir os principais recursos terap\u00eauticos utilizados no cuidado ao c\u00e2ncer colorretal:<\/b><\/p>\n<h3><b>Cirurgia<\/b><\/h3>\n<p><span style=\"font-weight: 400;\">Em muitos casos, o primeiro passo do tratamento \u00e9 a cirurgia, quando o tumor est\u00e1 localizado. Ela tem o objetivo de retirar o segmento do intestino em que o tumor est\u00e1 localizado, preservando o m\u00e1ximo poss\u00edvel das fun\u00e7\u00f5es naturais do corpo.<\/span><\/p>\n<p><span style=\"font-weight: 400;\">Existem diferentes abordagens, como:<\/span><\/p>\n<ul>\n<li style=\"font-weight: 400;\" aria-level=\"1\"><span style=\"font-weight: 400;\">Retirada de parte do intestino (ressec\u00e7\u00e3o do c\u00f3lon ou do reto)<\/span><\/li>\n<li style=\"font-weight: 400;\" aria-level=\"1\"><span style=\"font-weight: 400;\">Remo\u00e7\u00e3o de linfonodos pr\u00f3ximos para avalia\u00e7\u00e3o que faz parte da cirurgia oncol\u00f3gica.<\/span><\/li>\n<li style=\"font-weight: 400;\" aria-level=\"1\"><span style=\"font-weight: 400;\">Em alguns casos, h\u00e1 necessidade de uma colostomia, que pode ser tempor\u00e1ria ou definitiva.\u00a0<\/span><\/li>\n<li style=\"font-weight: 400;\" aria-level=\"1\"><span style=\"font-weight: 400;\">Em casos selecionados de les\u00e3o metast\u00e1tica pequena e \u00fanica, ou de baixo volume, pode ser discutida a remo\u00e7\u00e3o cir\u00fargica . Tal situa\u00e7\u00e3o \u00e9 mais comum para met\u00e1stase hep\u00e1tica ou pulmonar.<\/span><\/li>\n<\/ul>\n<p><span style=\"font-weight: 400;\">Tudo \u00e9 avaliado com muito crit\u00e9rio, respeitando as indica\u00e7\u00f5es m\u00e9dicas e o que faz sentido para a sa\u00fade e o bem-estar do paciente naquele momento.<\/span><\/p>\n<h3><b>Quimioterapia<\/b><\/h3>\n<p><span style=\"font-weight: 400;\">A quimioterapia pode ser indicada depois da cirurgia de forma preventiva, antes da cirurgia com intuito de redu\u00e7\u00e3o do tumor para facilitar a cirurgia (muito utilizado nos tumores do reto) ou ainda em casos de doen\u00e7a mais avan\u00e7ada em que n\u00e3o envolve procedimento cir\u00fargico\u00a0<\/span><\/p>\n<p><span style=\"font-weight: 400;\">Ela atua no corpo todo, combatendo c\u00e9lulas que possam ter se espalhado para corrente sangu\u00ednea e\/ou implantado em outros \u00f3rg\u00e3os (linfonodos, f\u00edgado, pulm\u00e3o, perit\u00f4nio, etc.<\/span><\/p>\n<p><span style=\"font-weight: 400;\">Apesar dos efeitos colaterais que podem surgir, o cuidado integral como medidas comportamentais, pr\u00e9 e p\u00f3s-medica\u00e7\u00f5es para evitar sintomas induzidos pelo tratamento e ajustes de doses tornam o processo mais cuidadoso e adaptado \u00e0 realidade de cada paciente.<\/span><\/p>\n<h3><b>Radioterapia<\/b><\/h3>\n<p><span style=\"font-weight: 400;\">Em alguns casos, especialmente quando o tumor est\u00e1 localizado no reto, a radioterapia \u00e9 indicada para reduzir a les\u00e3o antes da cirurgia ou tratar a regi\u00e3o depois do procedimento.<\/span><\/p>\n<p><span style=\"font-weight: 400;\">Ela funciona com <\/span><b>aplica\u00e7\u00e3o de radia\u00e7\u00f5es localizadas<\/b><span style=\"font-weight: 400;\">, com tecnologia que busca preservar os tecidos saud\u00e1veis ao redor.<\/span><\/p>\n<p><span style=\"font-weight: 400;\">O planejamento das sess\u00f5es \u00e9 feito com muito crit\u00e9rio e acompanhamento pr\u00f3ximo da equipe de radioterapia.<\/span><\/p>\n<h3><b>Imunoterapia<\/b><\/h3>\n<p><span style=\"font-weight: 400;\">A imunoterapia \u00e9 uma abordagem mais recente em alguns subtipos de c\u00e2ncer colorretal.<\/span><\/p>\n<p><span style=\"font-weight: 400;\">Ela visa <\/span><b>estimular o pr\u00f3prio sistema imunol\u00f3gico <\/b><span style=\"font-weight: 400;\">da pessoa para que ele reconhe\u00e7a e combata as c\u00e9lulas tumorais.<\/span><\/p>\n<p><span style=\"font-weight: 400;\">Embora nem todos os pacientes sejam eleg\u00edveis para esse tipo de tratamento, h\u00e1 avan\u00e7os importantes, especialmente em casos com muta\u00e7\u00f5es gen\u00e9ticas espec\u00edficas.<\/span><\/p>\n<p><span style=\"font-weight: 400;\">Essa modalidade representa a personaliza\u00e7\u00e3o do cuidado em sua forma mais avan\u00e7ada: tratar o tumor com base nas caracter\u00edsticas biol\u00f3gicas de cada pessoa.<\/span><\/p>\n<h3><b>Outros medicamentos\u00a0<\/b><\/h3>\n<h3><span style=\"font-weight: 400;\">No caso de pacientes com doen\u00e7a mais avan\u00e7ada (presen\u00e7a de met\u00e1stases) uma s\u00e9rie de muta\u00e7\u00f5es devem ser pesquisadas para avaliar a associa\u00e7\u00e3o de outros medicamentos (anticorpos monoclonais, por exemplo) a quimioterapia ou seu uso de forma isolada. S\u00e3o exemplos de genes ou prote\u00ednas que devem ser investigados KRAS, NRAS, BRAF, HER-2.<\/span><\/h3>\n<h3><b>Tratamentos locais<\/b><\/h3>\n<p><span style=\"font-weight: 400;\">Al\u00e9m da conhecida t\u00e9cnica de radioterapia mencionada acima, uma s\u00e9rie de terapias locais est\u00e3o em ascens\u00e3o, sobretudo para met\u00e1stases hep\u00e1ticas, como abla\u00e7\u00e3o, radioabla\u00e7\u00e3o ou quimioemboliza\u00e7\u00e3o.\u00a0<\/span><\/p>\n<h3><span style=\"font-weight: 400;\">Mudan\u00e7a no estilo de vida<\/span><\/h3>\n<p><span style=\"font-weight: 400;\">O cuidado n\u00e3o termina com a cirurgia, radioterapia ou os medicamentos. Ele continua no dia a dia.<\/span><\/p>\n<p><span style=\"font-weight: 400;\">Muitas vezes, a equipe multidisciplinar \u2014 com nutricionistas, fisioterapeutas, psic\u00f3logos e educadores f\u00edsicos \u2014 acompanha o paciente em orienta\u00e7\u00f5es como:<\/span><\/p>\n<ul>\n<li style=\"font-weight: 400;\" aria-level=\"1\"><span style=\"font-weight: 400;\">Adotar uma alimenta\u00e7\u00e3o mais leve, nutritiva e rica em fibras<\/span><\/li>\n<li style=\"font-weight: 400;\" aria-level=\"1\"><span style=\"font-weight: 400;\">Manter o corpo ativo, mesmo que com pequenas caminhadas di\u00e1rias<\/span><\/li>\n<li style=\"font-weight: 400;\" aria-level=\"1\"><span style=\"font-weight: 400;\">Cuidar da sa\u00fade mental, acolhendo medos, inseguran\u00e7as e expectativas<\/span><\/li>\n<\/ul>\n<p><span style=\"font-weight: 400;\">Essas mudan\u00e7as, quando feitas com apoio e orienta\u00e7\u00e3o, ajudam muito na recupera\u00e7\u00e3o e na qualidade de vida.<\/span><\/p>\n<p><span style=\"font-weight: 400;\">Mais do que escolher terapias, o essencial \u00e9 construir um plano que fa\u00e7a sentido para a vida da pessoa.<\/span><\/p>\n<h2><b>Especialistas em c\u00e2ncer colorretal da Croma Oncologia<\/b><\/h2>\n<p><span style=\"font-weight: 400;\">O tratamento do c\u00e2ncer colorretal exige um acompanhamento pr\u00f3ximo, humano e estruturado. Por isso, na <\/span><b>Croma Oncologia<\/b><span style=\"font-weight: 400;\">, reunimos uma equipe especializada para conduzir cada etapa com escuta ativa, clareza e compromisso com a qualidade de vida.<\/span><\/p>\n<p><span style=\"font-weight: 400;\">Contamos com <\/span><b>especialistas em c\u00e2ncer colorretal<\/b><span style=\"font-weight: 400;\"> altamente qualificados e um modelo de cuidado oncol\u00f3gico que integra diagn\u00f3stico, cirurgia, quimioterapia, radioterapia, terapia-alvo e imunoterapia, tudo conectado por uma <\/span><b>linha de cuidado clara e acolhedora<\/b><span style=\"font-weight: 400;\">.<\/span><\/p>\n<p><span style=\"font-weight: 400;\">Al\u00e9m disso, oferecemos apoio multiprofissional cont\u00ednuo, com:<\/span><\/p>\n<ul>\n<li style=\"font-weight: 400;\" aria-level=\"1\"><span style=\"font-weight: 400;\">Psic\u00f3logos<\/span><\/li>\n<li style=\"font-weight: 400;\" aria-level=\"1\"><span style=\"font-weight: 400;\">Nutricionistas<\/span><\/li>\n<li style=\"font-weight: 400;\" aria-level=\"1\"><span style=\"font-weight: 400;\">Fisioterapeutas<\/span><\/li>\n<li style=\"font-weight: 400;\" aria-level=\"1\"><span style=\"font-weight: 400;\">Enfermeiros<\/span><\/li>\n<li style=\"font-weight: 400;\" aria-level=\"1\"><span style=\"font-weight: 400;\">Farmac\u00eauticos cl\u00ednicos<\/span><\/li>\n<li style=\"font-weight: 400;\" aria-level=\"1\"><span style=\"font-weight: 400;\">Terapeutas ocupacionais<\/span><\/li>\n<\/ul>\n<p><span style=\"font-weight: 400;\">Essa integra\u00e7\u00e3o permite uma jornada mais fluida, com orienta\u00e7\u00f5es completas que v\u00e3o desde o primeiro sinal at\u00e9 o acompanhamento p\u00f3s-tratamento.<\/span><\/p>\n<p><span style=\"font-weight: 400;\">Assista ao v\u00eddeo abaixo e conhe\u00e7a o nosso jeito de cuidar.<\/span><\/p>\n\n<h2><b>Conclus\u00e3o<\/b><\/h2>\n<p><span style=\"font-weight: 400;\">O c\u00e2ncer colorretal exige aten\u00e7\u00e3o, conhecimento e escuta. Entender os sintomas, reconhecer os fatores de risco e saber que existem formas de preven\u00e7\u00e3o \u00e9 o primeiro passo para cuidar da sa\u00fade com mais consci\u00eancia.<\/span><\/p>\n<p><span style=\"font-weight: 400;\">Mas o cuidado n\u00e3o para por a\u00ed. Quando o diagn\u00f3stico acontece, \u00e9 fundamental contar com uma rede preparada para oferecer acolhimento, estrutura e um plano de tratamento individualizado.<\/span><\/p>\n<p><span style=\"font-weight: 400;\">Se voc\u00ea ou algu\u00e9m pr\u00f3ximo est\u00e1 enfrentando essa jornada, saiba que n\u00e3o precisa fazer isso sozinho!<\/span><\/p>\n<p><span style=\"font-weight: 400;\">\u00c9 com essa proposta que atuamos na Croma Oncologia: construindo um novo modelo de cuidado oncol\u00f3gico.\u00a0<\/span><\/p>\n<p><b>Uma abordagem que prioriza a pessoa, coordena todas as etapas com sensibilidade e integra especialidades em um s\u00f3 caminho.<\/b><\/p>\n<p><b>Refer\u00eancias<\/b><\/p>\n<p><b>Observat\u00f3rio de Sa\u00fade P\u00fablica<\/b><\/p>\n<p><span style=\"font-weight: 400;\">C\u00e2ncer colorretal \u00e9 o terceiro tipo de tumor mais comum no Brasil<\/span><span style=\"font-weight: 400;\"><br \/>\n<\/span><a href=\"https:\/\/biblioteca.observatoriosaudepublica.com.br\/blog\/cancer-colorretal-terceiro-tipo-de-tumor-mais-comum-no-brasil\/#:~:text=O%20c%C3%A2ncer%20colorretal%20%C3%A9%20o,contra%2021.970%20para%20os%20homens\"> <span style=\"font-weight: 400;\">https:\/\/biblioteca.observatoriosaudepublica.com.br\/blog\/cancer-colorretal-terceiro-tipo-de-tumor-mais-comum-no-brasil\/#:~:text=O%20c%C3%A2ncer%20colorretal%20%C3%A9%20o,contra%2021.970%20para%20os%20homens<\/span><\/a><span style=\"font-weight: 400;\">.<\/span><\/p>\n<p><b>INCA \u2013 Instituto Nacional de C\u00e2ncer<\/b><\/p>\n<p><span style=\"font-weight: 400;\">C\u00e2ncer de c\u00f3lon e reto: s\u00edntese de resultados e coment\u00e1rios<\/span><span style=\"font-weight: 400;\"><br \/>\n<\/span><a href=\"https:\/\/www.gov.br\/inca\/pt-br\/assuntos\/cancer\/numeros\/estimativa\/sintese-de-resultados-e-comentarios\/cancer-de-colon-e-reto\"> <span style=\"font-weight: 400;\">https:\/\/www.gov.br\/inca\/pt-br\/assuntos\/cancer\/numeros\/estimativa\/sintese-de-resultados-e-comentarios\/cancer-de-colon-e-reto<\/span><\/a><\/p>\n\n","protected":false},"excerpt":{"rendered":"<p>Segundo dados do Observat\u00f3rio de Sa\u00fade P\u00fablica, o c\u00e2ncer colorretal \u00e9 o terceiro tipo mais comum no Brasil, tanto em homens quanto em mulheres. Em 2023, foram estimados mais de 45 mil novos casos \u2014 um n\u00famero que chama aten\u00e7\u00e3o e refor\u00e7a a necessidade de informa\u00e7\u00e3o e preven\u00e7\u00e3o. Diante disso, conhecer os fatores de risco, [&hellip;]<\/p>\n","protected":false},"author":8,"featured_media":198,"comment_status":"open","ping_status":"open","sticky":false,"template":"","format":"standard","meta":{"_acf_changed":false,"om_disable_all_campaigns":false,"_monsterinsights_skip_tracking":false,"_monsterinsights_sitenote_active":false,"_monsterinsights_sitenote_note":"","_monsterinsights_sitenote_category":0,"footnotes":""},"categories":[13],"tags":[22],"class_list":["post-197","post","type-post","status-publish","format-standard","has-post-thumbnail","hentry","category-tipos-de-cancer","tag-cancer-colorretal"],"acf":[],"aioseo_notices":[],"_links":{"self":[{"href":"https:\/\/cromaoncologia.com.br\/sobre-o-cancer\/wp-json\/wp\/v2\/posts\/197","targetHints":{"allow":["GET"]}}],"collection":[{"href":"https:\/\/cromaoncologia.com.br\/sobre-o-cancer\/wp-json\/wp\/v2\/posts"}],"about":[{"href":"https:\/\/cromaoncologia.com.br\/sobre-o-cancer\/wp-json\/wp\/v2\/types\/post"}],"author":[{"embeddable":true,"href":"https:\/\/cromaoncologia.com.br\/sobre-o-cancer\/wp-json\/wp\/v2\/users\/8"}],"replies":[{"embeddable":true,"href":"https:\/\/cromaoncologia.com.br\/sobre-o-cancer\/wp-json\/wp\/v2\/comments?post=197"}],"version-history":[{"count":5,"href":"https:\/\/cromaoncologia.com.br\/sobre-o-cancer\/wp-json\/wp\/v2\/posts\/197\/revisions"}],"predecessor-version":[{"id":436,"href":"https:\/\/cromaoncologia.com.br\/sobre-o-cancer\/wp-json\/wp\/v2\/posts\/197\/revisions\/436"}],"wp:featuredmedia":[{"embeddable":true,"href":"https:\/\/cromaoncologia.com.br\/sobre-o-cancer\/wp-json\/wp\/v2\/media\/198"}],"wp:attachment":[{"href":"https:\/\/cromaoncologia.com.br\/sobre-o-cancer\/wp-json\/wp\/v2\/media?parent=197"}],"wp:term":[{"taxonomy":"category","embeddable":true,"href":"https:\/\/cromaoncologia.com.br\/sobre-o-cancer\/wp-json\/wp\/v2\/categories?post=197"},{"taxonomy":"post_tag","embeddable":true,"href":"https:\/\/cromaoncologia.com.br\/sobre-o-cancer\/wp-json\/wp\/v2\/tags?post=197"}],"curies":[{"name":"wp","href":"https:\/\/api.w.org\/{rel}","templated":true}]}}