{"id":208,"date":"2025-08-28T09:10:32","date_gmt":"2025-08-28T12:10:32","guid":{"rendered":"https:\/\/cromaoncologia.com.br\/sobre-o-cancer\/?p=208"},"modified":"2026-04-13T23:43:28","modified_gmt":"2026-04-14T02:43:28","slug":"sintomas-cancer-de-mama","status":"publish","type":"post","link":"https:\/\/cromaoncologia.com.br\/sobre-o-cancer\/sintomas-cancer-de-mama\/","title":{"rendered":"Conhe\u00e7a os sintomas do c\u00e2ncer de mama e seus tratamentos"},"content":{"rendered":"<div id=\"attachment_209\" style=\"width: 1034px\" class=\"wp-caption aligncenter\"><img fetchpriority=\"high\" decoding=\"async\" aria-describedby=\"caption-attachment-209\" class=\"wp-image-209 size-large\" src=\"https:\/\/cromaoncologia.com.br\/sobre-o-cancer\/wp-content\/uploads\/2025\/08\/iStock-1149224991-1024x683.jpg\" alt=\"Mulher apontando para o seio - c\u00e2ncer de mama\" width=\"1024\" height=\"683\" srcset=\"https:\/\/cromaoncologia.com.br\/sobre-o-cancer\/wp-content\/uploads\/2025\/08\/iStock-1149224991-1024x683.jpg 1024w, https:\/\/cromaoncologia.com.br\/sobre-o-cancer\/wp-content\/uploads\/2025\/08\/iStock-1149224991-300x200.jpg 300w, https:\/\/cromaoncologia.com.br\/sobre-o-cancer\/wp-content\/uploads\/2025\/08\/iStock-1149224991-768x513.jpg 768w, https:\/\/cromaoncologia.com.br\/sobre-o-cancer\/wp-content\/uploads\/2025\/08\/iStock-1149224991.jpg 1254w\" sizes=\"(max-width: 1024px) 100vw, 1024px\" \/><p id=\"caption-attachment-209\" class=\"wp-caption-text\">Sintomas de c\u00e2ncer de mama<\/p><\/div>\n<p><b>&#8220;Foi no banho. Ela percebeu um n\u00f3dulo diferente, que n\u00e3o do\u00eda. Pensou que passaria. Mas n\u00e3o passou.&#8221;<\/b><\/p>\n<p><span style=\"font-weight: 400;\">Cenas como essa ainda s\u00e3o comuns quando falamos em<strong> sintomas de <\/strong><\/span><strong>c\u00e2ncer de mama<\/strong><span style=\"font-weight: 400;\">. A doen\u00e7a, silenciosa em muitos casos, segue sendo o <a href=\"https:\/\/cromaoncologia.com.br\/sobre-o-cancer\/tipos-de-cancer\/\">tipo de c\u00e2ncer<\/a> mais frequente entre as mulheres brasileiras, respons\u00e1vel por cerca de 28% dos diagn\u00f3sticos de c\u00e2ncer feminino no pa\u00eds, <\/span><a href=\"https:\/\/www.gov.br\/saude\/pt-br\/assuntos\/saude-de-a-a-z\/c\/cancer-de-mama#:~:text=O%20c%C3%A2ncer%20de%20mama%20responde,total%20de%20casos%20da%20doen%C3%A7a.\"><span style=\"font-weight: 400;\">segundo o INCA.<\/span><\/a><\/p>\n<p><span style=\"font-weight: 400;\">Diante disso, reconhecer os sinais, entender como a doen\u00e7a se manifesta e buscar avalia\u00e7\u00e3o m\u00e9dica o quanto antes pode fazer toda a diferen\u00e7a.<\/span><\/p>\n<p><span style=\"font-weight: 400;\">Sendo assim, preparamos este conte\u00fado para<\/span><b> ajudar voc\u00ea a identificar os sintomas do c\u00e2ncer de mama e conhecer os caminhos de tratamento dispon\u00edveis, <\/b><span style=\"font-weight: 400;\">sempre com um olhar sens\u00edvel para quem enfrenta essa jornada.<\/span><\/p>\n<h2><b>O que \u00e9 c\u00e2ncer de mama?<\/b><\/h2>\n<p><span style=\"font-weight: 400;\">O c\u00e2ncer de mama \u00e9 provocado pela multiplica\u00e7\u00e3o anormal das c\u00e9lulas que comp\u00f5em o tecido mam\u00e1rio.<\/span><\/p>\n<p><span style=\"font-weight: 400;\">Essas c\u00e9lulas passam a crescer de forma desordenada, formando tumores que podem invadir outros tecidos e \u00f3rg\u00e3os.<\/span><\/p>\n<p><span style=\"font-weight: 400;\">Todo c\u00e2ncer surge de uma altera\u00e7\u00e3o gen\u00e9tica que ocasiona dano no DNA da c\u00e9lula normal, na maioria das vezes, adquirida ao longo da vida devido \u00e0 exposi\u00e7\u00e3o a fatores de risco.\u00a0<\/span><\/p>\n<p><span style=\"font-weight: 400;\">Quando a altera\u00e7\u00e3o gen\u00e9tica est\u00e1 presente nas c\u00e9lulas germinativas (\u00f3vulo ou espermatozoide), ela pode ser heredit\u00e1ria, e possivelmente transmitida para os descendentes ou compartilhada entre familiares de primeiro grau.<\/span><\/p>\n<p><span style=\"font-weight: 400;\">Embora possa acometer homens, isso acontece em menos de 1% dos casos. J\u00e1 entre as mulheres, a incid\u00eancia aumenta com a idade, especialmente a partir dos 50 anos, segundo o<\/span><a href=\"https:\/\/www.gov.br\/saude\/pt-br\/assuntos\/saude-de-a-a-z\/c\/cancer-de-mama\"> <span style=\"font-weight: 400;\">Minist\u00e9rio da Sa\u00fade<\/span><\/a><span style=\"font-weight: 400;\">.<\/span><\/p>\n<p><span style=\"font-weight: 400;\">No entanto, um alerta importante vem chamando a aten\u00e7\u00e3o de especialistas: o n\u00famero de diagn\u00f3sticos de c\u00e2ncer de mama em pessoas com menos de 50 anos tem aumentado, principalmente <\/span><a href=\"https:\/\/www.oncoguia.org.br\/conteudo\/outubro-rosa-casos-de-cancer-de-mama-em-mulheres-jovens-tem-crescido\/17416\/7\/\"><span style=\"font-weight: 400;\">na faixa dos 30 aos 39 anos<\/span><\/a><span style=\"font-weight: 400;\">.<\/span><\/p>\n<p><b>Diversos fatores de risco est\u00e3o associados ao desenvolvimento do c\u00e2ncer de mama.<\/b><\/p>\n<p><span style=\"font-weight: 400;\">Al\u00e9m da idade, \u00e9 importante destacar:<\/span><\/p>\n<ul>\n<li style=\"font-weight: 400;\" aria-level=\"1\"><span style=\"font-weight: 400;\">Hist\u00f3rico familiar da doen\u00e7a (em especial em parentes de primeiro grau);<\/span><\/li>\n<li style=\"font-weight: 400;\" aria-level=\"1\"><span style=\"font-weight: 400;\">Menarca precoce (antes dos 12 anos) e menopausa tardia (ap\u00f3s os 55 anos);<\/span><\/li>\n<li style=\"font-weight: 400;\" aria-level=\"1\"><span style=\"font-weight: 400;\">Primeira gesta\u00e7\u00e3o ap\u00f3s os 30 anos ou aus\u00eancia de gesta\u00e7\u00f5es (nuliparidade);<\/span><\/li>\n<li style=\"font-weight: 400;\" aria-level=\"1\"><span style=\"font-weight: 400;\">Uso prolongado de contraceptivos hormonais;<\/span><\/li>\n<li style=\"font-weight: 400;\" aria-level=\"1\"><span style=\"font-weight: 400;\">Obesidade, sedentarismo e consumo excessivo de \u00e1lcool.<\/span><\/li>\n<\/ul>\n<p><span style=\"font-weight: 400;\">Por isso, conhecer o pr\u00f3prio corpo, estar atenta a altera\u00e7\u00f5es e manter acompanhamento m\u00e9dico regular s\u00e3o atitudes que salvam vidas.\u00a0<\/span><\/p>\n<p><span style=\"font-weight: 400;\">Segundo <\/span><a href=\"https:\/\/www.pfizer.com.br\/noticias\/releases\/cancer-de-mama-no-brasil-desafios-e-direitos\"><span style=\"font-weight: 400;\">um estudo compartilhado pela Pfizer<\/span><\/a><span style=\"font-weight: 400;\">, o <\/span><b>diagn\u00f3stico precoce do c\u00e2ncer de mama<\/b><span style=\"font-weight: 400;\"> ainda \u00e9 um dos grandes desafios no Brasil, especialmente em fun\u00e7\u00e3o das barreiras de acesso \u00e0 informa\u00e7\u00e3o, ao atendimento m\u00e9dico e \u00e0 realiza\u00e7\u00e3o de exames no tempo adequado.<\/span><\/p>\n<p><span style=\"font-weight: 400;\">Esses obst\u00e1culos t\u00eam impacto direto no progn\u00f3stico. Quando a doen\u00e7a \u00e9 identificada em est\u00e1gios iniciais, h\u00e1 mais possibilidades de tratamentos menos invasivos, com <\/span><b>maior chance de cura e menor impacto f\u00edsico e emocional<\/b><span style=\"font-weight: 400;\"> na vida das pacientes.<\/span><\/p>\n\n<h2><b>Quais s\u00e3o os sintomas de c\u00e2ncer de mama?<\/b><\/h2>\n<div id=\"attachment_211\" style=\"width: 1034px\" class=\"wp-caption aligncenter\"><img decoding=\"async\" aria-describedby=\"caption-attachment-211\" class=\"wp-image-211 size-large\" src=\"https:\/\/cromaoncologia.com.br\/sobre-o-cancer\/wp-content\/uploads\/2025\/08\/Cancer-de-mama-1024x683.png\" alt=\"Infogr\u00e1fico sintomas c\u00e2ncer de mama\" width=\"1024\" height=\"683\" srcset=\"https:\/\/cromaoncologia.com.br\/sobre-o-cancer\/wp-content\/uploads\/2025\/08\/Cancer-de-mama-1024x683.png 1024w, https:\/\/cromaoncologia.com.br\/sobre-o-cancer\/wp-content\/uploads\/2025\/08\/Cancer-de-mama-300x200.png 300w, https:\/\/cromaoncologia.com.br\/sobre-o-cancer\/wp-content\/uploads\/2025\/08\/Cancer-de-mama-768x512.png 768w, https:\/\/cromaoncologia.com.br\/sobre-o-cancer\/wp-content\/uploads\/2025\/08\/Cancer-de-mama-1536x1024.png 1536w, https:\/\/cromaoncologia.com.br\/sobre-o-cancer\/wp-content\/uploads\/2025\/08\/Cancer-de-mama.png 2048w\" sizes=\"(max-width: 1024px) 100vw, 1024px\" \/><p id=\"caption-attachment-211\" class=\"wp-caption-text\">Quais s\u00e3o os sintomas de c\u00e2ncer de mama?<\/p><\/div>\n<p><span style=\"font-weight: 400;\">Nem sempre o c\u00e2ncer de mama d\u00e1 sinais imediatos.\u00a0<\/span><\/p>\n<p><span style=\"font-weight: 400;\">Em muitos casos, ele se desenvolve silenciosamente, o que torna o diagn\u00f3stico precoce ainda mais importante.<\/span><\/p>\n<p><span style=\"font-weight: 400;\">Ainda assim, existem manifesta\u00e7\u00f5es que, se observadas com aten\u00e7\u00e3o, podem ser fundamentais para a identifica\u00e7\u00e3o da doen\u00e7a.<\/span><\/p>\n<p><span style=\"font-weight: 400;\">Conhecer os sintomas do c\u00e2ncer de mama \u00e9 o primeiro passo para cuidar de si e das pessoas ao redor.<\/span><\/p>\n<p><span style=\"font-weight: 400;\">De acordo com o<\/span><a href=\"https:\/\/www.gov.br\/inca.Acesso\/pt-br\/assuntos\/cancer\/tipos\/mama\/versao-para-profissionais-de-saude\/sinais-e-sintomas#:~:text=Sinais%20e%20Sintomas%20*%20N%C3%B3dulo%2C%20fixo%20e,laranja.%20*%20Altera%C3%A7%C3%B5es%20no%20mamilo%20como%20retra%C3%A7%C3%B5es.\"> <span style=\"font-weight: 400;\">Instituto Nacional de C\u00e2ncer (INCA)<\/span><\/a><span style=\"font-weight: 400;\">, <\/span><b>os sintomas podem variar bastante e nem sempre indicam c\u00e2ncer, mas devem ser sempre investigados por um profissional de sa\u00fade.<\/b><\/p>\n<p><span style=\"font-weight: 400;\">A seguir, listamos os<\/span><b> 7 sintomas do c\u00e2ncer de mama<\/b><span style=\"font-weight: 400;\"> principais que merecem aten\u00e7\u00e3o:<\/span><\/p>\n<h3><b>01 &#8211; N\u00f3dulo na mama<\/b><\/h3>\n<p><span style=\"font-weight: 400;\">O sintoma mais comum do c\u00e2ncer de mama \u00e9 o surgimento de <\/span><b>um n\u00f3dulo (caro\u00e7o) na mama ou na regi\u00e3o da axila<\/b><span style=\"font-weight: 400;\">. Ele apresenta geralmente as seguintes caracter\u00edsticas:<\/span><\/p>\n<ul>\n<li style=\"font-weight: 400;\" aria-level=\"1\"><span style=\"font-weight: 400;\">Firme<\/span><\/li>\n<li style=\"font-weight: 400;\" aria-level=\"1\"><span style=\"font-weight: 400;\">Indolor<\/span><\/li>\n<li style=\"font-weight: 400;\" aria-level=\"1\"><span style=\"font-weight: 400;\">Com bordas irregulares<\/span><\/li>\n<li style=\"font-weight: 400;\" aria-level=\"1\"><span style=\"font-weight: 400;\">Fixo (n\u00e3o se move ao toque)<\/span><\/li>\n<\/ul>\n<p><span style=\"font-weight: 400;\">Entretanto, h\u00e1 casos em que o n\u00f3dulo pode ser doloroso ou apresentar contornos mais regulares. Por isso, \u00e9 essencial que qualquer massa identificada seja avaliada com rapidez.<\/span><\/p>\n<h3><b>02 &#8211; Altera\u00e7\u00e3o no tamanho ou formato<\/b><\/h3>\n<p><span style=\"font-weight: 400;\">Mudan\u00e7as repentinas nas mamas tamb\u00e9m s\u00e3o um sinal de alerta. Fique atenta a:<\/span><\/p>\n<ul>\n<li style=\"font-weight: 400;\" aria-level=\"1\"><span style=\"font-weight: 400;\">Aumento do volume de uma das mamas<\/span><\/li>\n<li style=\"font-weight: 400;\" aria-level=\"1\"><span style=\"font-weight: 400;\">Assimetria mais evidente ao vestir roupas ou levantar os bra\u00e7os<\/span><\/li>\n<li style=\"font-weight: 400;\" aria-level=\"1\"><span style=\"font-weight: 400;\">Sensa\u00e7\u00e3o de peso ou endurecimento em apenas um dos lados<\/span><\/li>\n<\/ul>\n<p><span style=\"font-weight: 400;\">Essas altera\u00e7\u00f5es nem sempre causam dor, mas podem indicar um processo anormal no tecido mam\u00e1rio.<\/span><\/p>\n<h3><b>03 &#8211; Retra\u00e7\u00e3o da pele<\/b><\/h3>\n<p><span style=\"font-weight: 400;\">A <\/span><b>retra\u00e7\u00e3o da pele da mama ou do mamilo<\/b><span style=\"font-weight: 400;\"> \u00e9 outro sinal que pode passar despercebido. Isso acontece quando h\u00e1 tra\u00e7\u00e3o da pele para dentro, como se uma parte estivesse sendo &#8220;puxada&#8221;. Pode aparecer como:<\/span><\/p>\n<ul>\n<li style=\"font-weight: 400;\" aria-level=\"1\"><span style=\"font-weight: 400;\">Afundamento de um ponto da mama<\/span><\/li>\n<li style=\"font-weight: 400;\" aria-level=\"1\"><span style=\"font-weight: 400;\">Distor\u00e7\u00e3o na forma ao movimentar os bra\u00e7os<\/span><\/li>\n<li style=\"font-weight: 400;\" aria-level=\"1\"><span style=\"font-weight: 400;\">Mamilo retra\u00eddo ou com apar\u00eancia alterada<\/span><\/li>\n<\/ul>\n<p><span style=\"font-weight: 400;\">Essa retra\u00e7\u00e3o pode ser um indicativo de que o tumor est\u00e1 alterando a estrutura interna da mama.<\/span><\/p>\n<h3><b>04 &#8211; Secre\u00e7\u00e3o no mamilo<\/b><\/h3>\n<p><span style=\"font-weight: 400;\">Secre\u00e7\u00f5es n\u00e3o espont\u00e2neas podem ocorrer por diferentes motivos, mas aquelas que merecem aten\u00e7\u00e3o s\u00e3o:<\/span><\/p>\n<ul>\n<li style=\"font-weight: 400;\" aria-level=\"1\"><b>Secre\u00e7\u00e3o transparente, rosada ou avermelhada<\/b><\/li>\n<li style=\"font-weight: 400;\" aria-level=\"1\"><span style=\"font-weight: 400;\">Presen\u00e7a de sangue<\/span><\/li>\n<li style=\"font-weight: 400;\" aria-level=\"1\"><span style=\"font-weight: 400;\">Sa\u00edda espont\u00e2nea (sem compress\u00e3o)<\/span><\/li>\n<li style=\"font-weight: 400;\" aria-level=\"1\"><span style=\"font-weight: 400;\">Unilateral (apenas de um mamilo)<\/span><\/li>\n<\/ul>\n<p><span style=\"font-weight: 400;\">Esses sinais devem ser avaliados com prioridade, pois podem indicar altera\u00e7\u00f5es malignas.<\/span><\/p>\n<h3><b>05 &#8211; Dor persistente<\/b><\/h3>\n<p><span style=\"font-weight: 400;\">\u00c9 importante destacar que o c\u00e2ncer de mama nem sempre provoca dor. Mas, quando ela surge de forma cont\u00ednua e localizada, \u00e9 necess\u00e1rio investigar. Observe:<\/span><\/p>\n<ul>\n<li style=\"font-weight: 400;\" aria-level=\"1\"><span style=\"font-weight: 400;\">Dor em um ponto espec\u00edfico da mama<\/span><\/li>\n<li style=\"font-weight: 400;\" aria-level=\"1\"><span style=\"font-weight: 400;\">Desconforto que persiste por semanas<\/span><\/li>\n<li style=\"font-weight: 400;\" aria-level=\"1\"><span style=\"font-weight: 400;\">Sensibilidade incomum sem causa aparente<\/span><\/li>\n<\/ul>\n<p><span style=\"font-weight: 400;\">A dor isolada pode estar relacionada a diversas causas benignas, mas combinada a outros sintomas deve ser valorizada.<\/span><\/p>\n<h3><b>06 &#8211; Vermelhid\u00e3o ou incha\u00e7o<\/b><\/h3>\n<p><span style=\"font-weight: 400;\">A presen\u00e7a de <\/span><b>vermelhid\u00e3o, calor local ou incha\u00e7o<\/b><span style=\"font-weight: 400;\"> pode indicar um processo inflamat\u00f3rio na mama. Isso \u00e9 comum no tipo chamado <\/span><b>carcinoma inflamat\u00f3rio<\/b><span style=\"font-weight: 400;\">, uma forma agressiva e menos comum da doen\u00e7a.<\/span><\/p>\n<p><span style=\"font-weight: 400;\">Fique alerta se notar:<\/span><\/p>\n<ul>\n<li style=\"font-weight: 400;\" aria-level=\"1\"><span style=\"font-weight: 400;\">Incha\u00e7o em toda a mama, mesmo sem n\u00f3dulo vis\u00edvel<\/span><\/li>\n<li style=\"font-weight: 400;\" aria-level=\"1\"><span style=\"font-weight: 400;\">Vermelhid\u00e3o que n\u00e3o melhora<\/span><\/li>\n<li style=\"font-weight: 400;\" aria-level=\"1\"><span style=\"font-weight: 400;\">Dor associada ao calor local<\/span><\/li>\n<\/ul>\n<p><span style=\"font-weight: 400;\">Essas manifesta\u00e7\u00f5es tamb\u00e9m podem ser confundidas com mastite ou alergias, por isso, a avalia\u00e7\u00e3o m\u00e9dica \u00e9 indispens\u00e1vel.<\/span><\/p>\n<h3><b>07 &#8211; Mudan\u00e7a na textura da pele<\/b><\/h3>\n<p><span style=\"font-weight: 400;\">A altera\u00e7\u00e3o da textura da pele da mama \u00e9 um dos sinais mais caracter\u00edsticos e vis\u00edveis em alguns casos. Um exemplo cl\u00e1ssico \u00e9 o <\/span><b>aspecto de \u201ccasca de laranja\u201d<\/b><span style=\"font-weight: 400;\">, que pode surgir com:<\/span><\/p>\n<ul>\n<li style=\"font-weight: 400;\" aria-level=\"1\"><span style=\"font-weight: 400;\">Poros mais evidentes<\/span><\/li>\n<li style=\"font-weight: 400;\" aria-level=\"1\"><span style=\"font-weight: 400;\">Rigidez localizada na pele<\/span><\/li>\n<li style=\"font-weight: 400;\" aria-level=\"1\"><span style=\"font-weight: 400;\">\u00c1reas com leve retra\u00e7\u00e3o ou irregularidade<\/span><\/li>\n<\/ul>\n<p><span style=\"font-weight: 400;\">Todas essas manifesta\u00e7\u00f5es podem ser percebidas por meio do autoexame. No entanto, \u00e9 importante lembrar que o autoexame n\u00e3o substitui o acompanhamento cl\u00ednico nem os exames de imagem, como a mamografia e o ultrassom mam\u00e1rio.<\/span><\/p>\n<p><span style=\"font-weight: 400;\">Diante disso, o <\/span><b>Minist\u00e9rio da Sa\u00fade recomenda que mulheres estejam atentas ao pr\u00f3prio corpo e procurem atendimento m\u00e9dico assim que notarem qualquer altera\u00e7\u00e3o.<\/b><\/p>\n<p><span style=\"font-weight: 400;\">Esse cuidado pode salvar vidas, especialmente quando o c\u00e2ncer de mama \u00e9 detectado ainda em fase inicial.<\/span><\/p>\n<p><span style=\"font-weight: 400;\">Por esse motivo, o diagn\u00f3stico em <\/span><a href=\"https:\/\/www.gov.br\/inca\/pt-br\/assuntos\/gestor-e-profissional-de-saude\/controle-do-cancer-de-mama\/acoes\/deteccao-precoce#:~:text=Essa%20estrat%C3%A9gia%20de%20conscientiza%C3%A7%C3%A3o%20destaca,avan%C3%A7ada%20do%20c%C3%A2ncer%20de%20mama.\"><span style=\"font-weight: 400;\">fases iniciais<\/span><\/a><span style=\"font-weight: 400;\"> juntamente com tratamento adequado, muitas vezes multimodal, aumenta as chances de cura.<\/span><\/p>\n<h2><b>C\u00e2ncer de mama masculino<\/b><\/h2>\n<div id=\"attachment_212\" style=\"width: 1034px\" class=\"wp-caption aligncenter\"><img decoding=\"async\" aria-describedby=\"caption-attachment-212\" class=\"wp-image-212 size-large\" src=\"https:\/\/cromaoncologia.com.br\/sobre-o-cancer\/wp-content\/uploads\/2025\/08\/iStock-1966887617-1024x683.jpg\" alt=\"M\u00e9dica examina mama masculina\" width=\"1024\" height=\"683\" srcset=\"https:\/\/cromaoncologia.com.br\/sobre-o-cancer\/wp-content\/uploads\/2025\/08\/iStock-1966887617-1024x683.jpg 1024w, https:\/\/cromaoncologia.com.br\/sobre-o-cancer\/wp-content\/uploads\/2025\/08\/iStock-1966887617-300x200.jpg 300w, https:\/\/cromaoncologia.com.br\/sobre-o-cancer\/wp-content\/uploads\/2025\/08\/iStock-1966887617-768x512.jpg 768w, https:\/\/cromaoncologia.com.br\/sobre-o-cancer\/wp-content\/uploads\/2025\/08\/iStock-1966887617.jpg 1254w\" sizes=\"(max-width: 1024px) 100vw, 1024px\" \/><p id=\"caption-attachment-212\" class=\"wp-caption-text\">C\u00e2ncer de mama masculino<\/p><\/div>\n<p><span style=\"font-weight: 400;\">Embora seja raro, o <\/span><b>c\u00e2ncer de mama masculino<\/b><span style=\"font-weight: 400;\"> \u00e9 uma realidade que merece aten\u00e7\u00e3o.<\/span><\/p>\n<p><span style=\"font-weight: 400;\">Ele representa cerca de 1% de todos os casos da doen\u00e7a e, por isso, muitas vezes \u00e9 subestimado, levando a diagn\u00f3sticos tardios e maior risco de complica\u00e7\u00f5es.<\/span><\/p>\n<p><span style=\"font-weight: 400;\">Os sintomas mais comuns nos homens incluem:<\/span><\/p>\n<ul>\n<li style=\"font-weight: 400;\" aria-level=\"1\"><span style=\"font-weight: 400;\">N\u00f3dulo firme e indolor pr\u00f3ximo ao mamilo<\/span><\/li>\n<li style=\"font-weight: 400;\" aria-level=\"1\"><span style=\"font-weight: 400;\">Invers\u00e3o do mamilo<\/span><\/li>\n<li style=\"font-weight: 400;\" aria-level=\"1\"><span style=\"font-weight: 400;\">Secre\u00e7\u00e3o anormal<\/span><\/li>\n<li style=\"font-weight: 400;\" aria-level=\"1\"><span style=\"font-weight: 400;\">Altera\u00e7\u00f5es na pele da mama<\/span><\/li>\n<\/ul>\n<p><span style=\"font-weight: 400;\">Segundo estudo publicado na <\/span><a href=\"https:\/\/ojs.revistacontribuciones.com\/ojs\/index.php\/clcs\/article\/view\/4846\"><i><span style=\"font-weight: 400;\">Revista Contribuciones a las Ciencias Sociales<\/span><\/i><\/a><span style=\"font-weight: 400;\">, a maioria das mortes por <\/span><b>c\u00e2ncer de mama em homens<\/b><span style=\"font-weight: 400;\"> ocorre a partir dos 60 anos, especialmente entre aqueles com baixa escolaridade e pouco acesso \u00e0 informa\u00e7\u00e3o sobre a doen\u00e7a.<\/span><\/p>\n<p><span style=\"font-weight: 400;\">O levantamento refor\u00e7a um ponto crucial: a falta de diagn\u00f3stico precoce e o desconhecimento dos sintomas por parte da popula\u00e7\u00e3o masculina ainda s\u00e3o barreiras para o cuidado.<\/span><\/p>\n<p><span style=\"font-weight: 400;\">Apesar da baixa incid\u00eancia, homens com hist\u00f3rico familiar da doen\u00e7a ou com muta\u00e7\u00f5es gen\u00e9ticas espec\u00edficas, como nos <\/span><a href=\"https:\/\/www.rbac.org.br\/artigos\/predisposicao-hereditaria-ao-cancer-de-mama-e-sua-relacao-com-os-genes-brca1-e-brca2-revisao-da-literatura\/\"><span style=\"font-weight: 400;\">genes BRCA1 e BRCA2<\/span><\/a><span style=\"font-weight: 400;\">, devem manter acompanhamento regular com profissionais de sa\u00fade.<\/span><\/p>\n<h2><b>Como prevenir o c\u00e2ncer de mama?<\/b><\/h2>\n<p><span style=\"font-weight: 400;\">Aproximadamente 10% dos c\u00e2nceres de mama s\u00e3o ocasionados por altera\u00e7\u00f5es gen\u00e9ticas heredit\u00e1rias.\u00a0<\/span><\/p>\n<p><span style=\"font-weight: 400;\">Desta forma, embora n\u00e3o seja poss\u00edvel evitar todos os casos, muitos fatores de risco podem ser controlados com mudan\u00e7as no estilo de vida e com aten\u00e7\u00e3o \u00e0 sa\u00fade.<\/span><\/p>\n<p><span style=\"font-weight: 400;\">Conforme o<\/span><a href=\"https:\/\/www.gov.br\/saude\/pt-br\/assuntos\/saude-de-a-a-z\/c\/cancer-de-mama\"> <span style=\"font-weight: 400;\">Minist\u00e9rio da Sa\u00fade<\/span><\/a><span style=\"font-weight: 400;\">, medidas como alimenta\u00e7\u00e3o equilibrada, pr\u00e1tica de atividade f\u00edsica e redu\u00e7\u00e3o do consumo de \u00e1lcool podem diminuir significativamente o risco de desenvolver a doen\u00e7a.<\/span><\/p>\n<p><span style=\"font-weight: 400;\">Confira algumas recomenda\u00e7\u00f5es pr\u00e1ticas:<\/span><\/p>\n<ul>\n<li style=\"font-weight: 400;\" aria-level=\"1\"><b>Mantenha o peso corporal saud\u00e1vel<\/b><b><br \/>\n<\/b><span style=\"font-weight: 400;\"> A obesidade, especialmente ap\u00f3s a menopausa, aumenta o risco devido \u00e0 produ\u00e7\u00e3o de estrog\u00eanio no tecido adiposo.<\/span><\/li>\n<\/ul>\n<p><span style=\"font-weight: 400;\">Sendo assim, preferir dieta pobre em gorduras saturadas e rica em fibras, evitar consumo de alimentos processados e embutidos, s\u00e3o algumas atitudes indicadas.<\/span><\/p>\n\n<ul>\n<li style=\"font-weight: 400;\" aria-level=\"1\"><b>Pratique atividades f\u00edsicas regularmente<\/b><b><br \/>\n<\/b><span style=\"font-weight: 400;\"> Pelo menos 150 minutos semanais de exerc\u00edcios moderados s\u00e3o indicados.<\/span><\/li>\n<li style=\"font-weight: 400;\" aria-level=\"1\"><b>Evite o consumo excessivo de \u00e1lcool<\/b><b><br \/>\n<\/b><span style=\"font-weight: 400;\"> Mesmo em quantidades moderadas, o \u00e1lcool pode aumentar o risco de c\u00e2ncer de mama, pois o \u00e1lcool \u00e9 fator de risco independente para v\u00e1rias neoplasias.<\/span><\/li>\n<li style=\"font-weight: 400;\" aria-level=\"1\"><b>Amamente, se poss\u00edvel<\/b><b><br \/>\n<\/b><span style=\"font-weight: 400;\"> A amamenta\u00e7\u00e3o prolongada \u00e9 considerada um fator protetor.<\/span><\/li>\n<li style=\"font-weight: 400;\" aria-level=\"1\"><b>Evite o uso indiscriminado de horm\u00f4nios<\/b><b><br \/>\n<\/b><span style=\"font-weight: 400;\"> A terapia de reposi\u00e7\u00e3o hormonal deve ser feita com acompanhamento m\u00e9dico e por tempo limitado.<\/span><\/li>\n<\/ul>\n\n<ul>\n<li aria-level=\"1\"><b>Evitar tabagismo<\/b><\/li>\n<\/ul>\n<p><span style=\"font-weight: 400;\">Al\u00e9m disso, como citado anteriormente, o rastreamento e a<\/span><a href=\"https:\/\/www.gov.br\/inca\/pt-br\/assuntos\/gestor-e-profissional-de-saude\/controle-do-cancer-de-mama\/acoes\/deteccao-precoce#:~:text=Essa%20estrat%C3%A9gia%20de%20conscientiza%C3%A7%C3%A3o%20destaca,avan%C3%A7ada%20do%20c%C3%A2ncer%20de%20mama.\"> <b>detec\u00e7\u00e3o precoce<\/b><\/a><span style=\"font-weight: 400;\"> continuam sendo fundamentais. Consultas peri\u00f3dicas, mamografias na faixa et\u00e1ria adequada e aten\u00e7\u00e3o aos sinais do corpo s\u00e3o cuidados que transformam vidas.\u00a0\u00a0<\/span><\/p>\n<h2><b>Tratamentos para c\u00e2ncer de mama<\/b><\/h2>\n<p><span style=\"font-weight: 400;\">O tratamento do c\u00e2ncer de mama deve ser sempre individualizado. Ele leva em conta as caracter\u00edsticas do tumor, o est\u00e1gio da doen\u00e7a, o perfil da paciente e, tamb\u00e9m sua perspectiva de vida.<\/span><\/p>\n<p><span style=\"font-weight: 400;\">E quando esse cuidado \u00e9 conduzido de forma coordenada, a jornada se torna menos solit\u00e1ria e mais clara.<\/span><\/p>\n<p><span style=\"font-weight: 400;\">Conforme o<\/span><a href=\"https:\/\/www.inca.gov.br\/sites\/ufu.sti.inca.local\/files\/media\/document\/recomendacoes-cancer-de-mama-inca-2017_0.pdf\"> <span style=\"font-weight: 400;\">Instituto Nacional de C\u00e2ncer (INCA)<\/span><\/a><span style=\"font-weight: 400;\">, as estrat\u00e9gias de tratamento podem envolver terapias locais, sist\u00eamicas ou a combina\u00e7\u00e3o de ambas.\u00a0<\/span><\/p>\n<h3><b>Cirurgia<\/b><\/h3>\n<p><span style=\"font-weight: 400;\">A cirurgia \u00e9 uma das primeiras op\u00e7\u00f5es quando o tumor \u00e9 oper\u00e1vel. Ela pode variar conforme o est\u00e1gio da doen\u00e7a:<\/span><\/p>\n<ul>\n<li style=\"font-weight: 400;\" aria-level=\"1\"><b>Cirurgia conservadora (quadrantectomia):<\/b><span style=\"font-weight: 400;\"> preserva parte da mama, removendo o tumor e uma margem de seguran\u00e7a<\/span><\/li>\n<li style=\"font-weight: 400;\" aria-level=\"1\"><b>Mastectomia:<\/b><span style=\"font-weight: 400;\"> indicada quando h\u00e1 risco de recidiva ou tumores grandes, envolve a retirada completa da mama<\/span><\/li>\n<li style=\"font-weight: 400;\" aria-level=\"1\"><b>Reconstru\u00e7\u00e3o mam\u00e1ria:<\/b><span style=\"font-weight: 400;\"> pode ser imediata ou posterior, conforme avalia\u00e7\u00e3o m\u00e9dica e escolha da paciente.<\/span><\/li>\n<\/ul>\n<p><span style=\"font-weight: 400;\">\u00a0A cirurgia de reconstru\u00e7\u00e3o mam\u00e1ria inclusive \u00e9 direito da paciente com c\u00e2ncer de mama.<\/span><\/p>\n\n<p><span style=\"font-weight: 400;\">Cada abordagem \u00e9 avaliada com base no equil\u00edbrio entre controle da doen\u00e7a e qualidade de vida.<\/span><\/p>\n<h3><b>Radioterapia<\/b><\/h3>\n<p><span style=\"font-weight: 400;\">A radioterapia utiliza radia\u00e7\u00f5es para destruir c\u00e9lulas tumorais remanescentes ap\u00f3s a cirurgia. Ela \u00e9 aplicada:<\/span><\/p>\n<ul>\n<li style=\"font-weight: 400;\" aria-level=\"1\"><span style=\"font-weight: 400;\">Em sess\u00f5es di\u00e1rias, por tempo determinado<\/span><\/li>\n<li style=\"font-weight: 400;\" aria-level=\"1\"><span style=\"font-weight: 400;\">Com foco na mama operada e, em alguns casos, nos g\u00e2nglios axilares<\/span><\/li>\n<li style=\"font-weight: 400;\" aria-level=\"1\"><span style=\"font-weight: 400;\">De forma planejada, com tecnologia que preserva os tecidos ao redor<\/span><\/li>\n<\/ul>\n<p><span style=\"font-weight: 400;\">Ela \u00e9 indicada principalmente em cirurgias conservadoras, reduzindo o risco de retorno local do c\u00e2ncer.<\/span><\/p>\n<h3><b>Quimioterapia<\/b><\/h3>\n<p><span style=\"font-weight: 400;\">A quimioterapia atua de forma sist\u00eamica, ou seja, no corpo todo. Pode ser utilizada:<\/span><\/p>\n<ul>\n<li style=\"font-weight: 400;\" aria-level=\"1\"><b>Antes da cirurgia (neoadjuvante):<\/b><span style=\"font-weight: 400;\"> para reduzir o tamanho do tumor<\/span><\/li>\n<li style=\"font-weight: 400;\" aria-level=\"1\"><b>Ap\u00f3s a cirurgia (adjuvante):<\/b><span style=\"font-weight: 400;\"> para combater c\u00e9lulas tumorais microsc\u00f3picas<\/span><\/li>\n<li style=\"font-weight: 400;\" aria-level=\"1\"><b>Em casos avan\u00e7ados ou metast\u00e1ticos:<\/b><span style=\"font-weight: 400;\"> para controle da progress\u00e3o da doen\u00e7a<\/span><\/li>\n<\/ul>\n<p><span style=\"font-weight: 400;\">Os protocolos variam conforme o tipo do c\u00e2ncer e a resposta de cada organismo. O acompanhamento cont\u00ednuo ajuda a ajustar as doses e lidar com os efeitos colaterais.<\/span><\/p>\n<h3><b>Hormonioterapia<\/b><\/h3>\n<p><span style=\"font-weight: 400;\">Essa abordagem \u00e9 utilizada quando o tumor apresenta receptores hormonais (como estrog\u00eanio e progesterona). O tratamento age bloqueando a a\u00e7\u00e3o desses horm\u00f4nios, freando o crescimento das c\u00e9lulas doentes.<\/span><\/p>\n<ul>\n<li style=\"font-weight: 400;\" aria-level=\"1\"><span style=\"font-weight: 400;\">Pode ser indicado por per\u00edodos prolongados (5 a 10 anos)<\/span><\/li>\n<li style=\"font-weight: 400;\" aria-level=\"1\"><span style=\"font-weight: 400;\">Pode ser\u00a0 prescrito ap\u00f3s a cirurgia, no contexto adjuvante, ou no cen\u00e1rio de doen\u00e7a metast\u00e1tica.<\/span><\/li>\n<li style=\"font-weight: 400;\" aria-level=\"1\"><span style=\"font-weight: 400;\">\u00c9 bem tolerado e pode ser associado a outras terapias<\/span><\/li>\n<\/ul>\n<h3><b>Terapias-alvo e imunoterapia<\/b><\/h3>\n<p><span style=\"font-weight: 400;\">As <\/span><b>terapias-alvo<\/b><span style=\"font-weight: 400;\"> s\u00e3o tratamentos desenvolvidos para agir em altera\u00e7\u00f5es espec\u00edficas das c\u00e9lulas do tumor, dificultando seu crescimento e espalhamento.\u00a0<\/span><\/p>\n<p><span style=\"font-weight: 400;\">Os alvos podem estar na superf\u00edcie da c\u00e9lula tumoral (por exemplo: terapias anti-HER2) ou fazer parte de vias de sinaliza\u00e7\u00e3o para replica\u00e7\u00e3o do DNA tumoral (por exemplo: inibidores de PARP, inibidores de ciclinas)\u00a0<\/span><\/p>\n<p><span style=\"font-weight: 400;\">J\u00e1 a <\/span><b>imunoterapia<\/b><span style=\"font-weight: 400;\"> funciona de outra forma: ela ativa o sistema imunol\u00f3gico da pr\u00f3pria pessoa para que ele reconhe\u00e7a e ataque as c\u00e9lulas tumorais.<\/span><\/p>\n<p><span style=\"font-weight: 400;\">Essas abordagens v\u00eam sendo estudadas e aplicadas com sucesso em perfis tumorais espec\u00edficos, conforme <\/span><a href=\"https:\/\/www.oncoguia.org.br\/conteudo\/terapia-alvo-para-cancer-de-mama-avancado\/6250\/811\/#:~:text=Ado%2Dtrastuzumabe%20emtansina%20(T%2D,dor%20de%20cabe%C3%A7a%20e%20constipa%C3%A7%C3%A3o.\"><span style=\"font-weight: 400;\">detalhado pelo Oncoguia<\/span><\/a><span style=\"font-weight: 400;\">.<\/span><\/p>\n<p><b>\u00c9 importante frisar que, mais do que definir protocolos, tratar o c\u00e2ncer de mama exige um plano cont\u00ednuo, acess\u00edvel e sens\u00edvel \u00e0s particularidades de cada paciente.<\/b><\/p>\n<p><span style=\"font-weight: 400;\">Por isso, \u00e9 fundamental compreender que <\/span><b>cada plano de tratamento \u00e9 individual, <\/b><span style=\"font-weight: 400;\">e a Croma Oncologia acredita que esse cuidado deve ser cont\u00ednuo, personalizado e conduzido com sensibilidade em cada etapa da jornada.<\/span><\/p>\n<h2><b>A Croma Oncologia<\/b><\/h2>\n<div id=\"attachment_213\" style=\"width: 1034px\" class=\"wp-caption aligncenter\"><img loading=\"lazy\" decoding=\"async\" aria-describedby=\"caption-attachment-213\" class=\"wp-image-213 size-large\" src=\"https:\/\/cromaoncologia.com.br\/sobre-o-cancer\/wp-content\/uploads\/2025\/08\/Croma-Tatuape-2-1024x576.png\" alt=\"Croma Oncologia Tatuap\u00e9\" width=\"1024\" height=\"576\" srcset=\"https:\/\/cromaoncologia.com.br\/sobre-o-cancer\/wp-content\/uploads\/2025\/08\/Croma-Tatuape-2-1024x576.png 1024w, https:\/\/cromaoncologia.com.br\/sobre-o-cancer\/wp-content\/uploads\/2025\/08\/Croma-Tatuape-2-300x169.png 300w, https:\/\/cromaoncologia.com.br\/sobre-o-cancer\/wp-content\/uploads\/2025\/08\/Croma-Tatuape-2-768x432.png 768w, https:\/\/cromaoncologia.com.br\/sobre-o-cancer\/wp-content\/uploads\/2025\/08\/Croma-Tatuape-2-1536x864.png 1536w, https:\/\/cromaoncologia.com.br\/sobre-o-cancer\/wp-content\/uploads\/2025\/08\/Croma-Tatuape-2-2048x1152.png 2048w\" sizes=\"(max-width: 1024px) 100vw, 1024px\" \/><p id=\"caption-attachment-213\" class=\"wp-caption-text\">A Croma Oncologia<\/p><\/div>\n<p><span style=\"font-weight: 400;\">Acreditamos que cuidar de algu\u00e9m que est\u00e1 passando por um tratamento oncol\u00f3gico exige mais do que conhecimento t\u00e9cnico. \u00c9 preciso sensibilidade, presen\u00e7a e tempo para escutar com aten\u00e7\u00e3o.<\/span><\/p>\n<p><span style=\"font-weight: 400;\">A <\/span><b>Croma Oncologia<\/b><span style=\"font-weight: 400;\"> surge com a proposta de transformar essa jornada. Aqui, o cuidado \u00e9 conduzido com escuta ativa, clareza e conex\u00e3o real com quem vive o tratamento.<\/span><\/p>\n<p><span style=\"font-weight: 400;\">Por meio de uma <\/span><b>linha de cuidado estruturada<\/b><span style=\"font-weight: 400;\">, reunimos profissionais que atuam de forma integrada. Essa abordagem conjunta permite que o paciente seja acolhido desde os primeiros sinais de suspeita at\u00e9 o acompanhamento ap\u00f3s a finaliza\u00e7\u00e3o do tratamento.<\/span><\/p>\n<p><span style=\"font-weight: 400;\">Assista ao v\u00eddeo abaixo e conhe\u00e7a nosso jeito de cuidar!<\/span><\/p>\n\n\n<h2><b>Conclus\u00e3o<\/b><\/h2>\n<p><span style=\"font-weight: 400;\">Conforme observado, a jornada do c\u00e2ncer de mama envolve desafios que v\u00e3o al\u00e9m do diagn\u00f3stico.\u00a0<\/span><\/p>\n<p><span style=\"font-weight: 400;\">S\u00e3o d\u00favidas, escolhas e sentimentos que exigem escuta, tempo e acolhimento.\u00a0<\/span><\/p>\n<p><b>Mas quando essa trajet\u00f3ria \u00e9 conduzida com informa\u00e7\u00e3o, orienta\u00e7\u00e3o sens\u00edvel e um plano bem estruturado, ela pode se tornar mais leve e transformadora.<\/b><\/p>\n<p><span style=\"font-weight: 400;\">Identificar os sinais precoces, manter os exames em dia, procurar apoio ao primeiro sinal de d\u00favida. Essas s\u00e3o atitudes que fazem diferen\u00e7a real na detec\u00e7\u00e3o precoce e na resposta ao tratamento.<\/span><\/p>\n<p><span style=\"font-weight: 400;\">Nossos especialistas em c\u00e2ncer de mama atuam de forma integrada, com uma linha de cuidado que conecta diagn\u00f3stico, cirurgia, terapias e suporte emocional em todas as etapas.<\/span><\/p>\n<p><span style=\"font-weight: 400;\">Mais do que conduzir protocolos, estamos aqui para caminhar com o paciente.\u00a0<\/span><\/p>\n<p><b>Porque cuidar, de verdade, \u00e9 estar presente em cada decis\u00e3o, em cada avan\u00e7o e em cada recome\u00e7o.<\/b><\/p>\n\n<p><b><i>Fontes de dados sobre o c\u00e2ncer:<\/i><\/b><\/p>\n\n<p><b>Instituto Nacional de C\u00e2ncer (INCA)<\/b><b><br \/>\n<\/b> <i><span style=\"font-weight: 400;\">Sinais e sintomas do c\u00e2ncer de mama<\/span><\/i><i><span style=\"font-weight: 400;\"><br \/>\n<\/span><\/i> <a href=\"https:\/\/www.gov.br\/inca\/pt-br\/assuntos\/cancer\/tipos\/mama\/versao-para-profissionais-de-saude\/sinais-e-sintomas#:~:text=Sinais%20e%20Sintomas%20*%20N%C3%B3dulo%2C%20fixo%20e,laranja.%20*%20Altera%C3%A7%C3%B5es%20no%20mamilo%20como%20retra%C3%A7%C3%B5es\"><span style=\"font-weight: 400;\">https:\/\/www.gov.br\/inca\/pt-br\/assuntos\/cancer\/tipos\/mama\/versao-para-profissionais-de-saude\/sinais-e-sintomas#:~:text=Sinais%20e%20Sintomas%20*%20N%C3%B3dulo%2C%20fixo%20e,laranja.%20*%20Altera%C3%A7%C3%B5es%20no%20mamilo%20como%20retra%C3%A7%C3%B5es<\/span><\/a><span style=\"font-weight: 400;\">.<\/span><\/p>\n\n\n<p><b>Instituto Nacional de C\u00e2ncer (INCA)<\/b><b><br \/>\n<\/b> <i><span style=\"font-weight: 400;\">Recomenda\u00e7\u00f5es para o cuidado com c\u00e2ncer de mama \u2013 2017<\/span><\/i><i><span style=\"font-weight: 400;\"><br \/>\n<\/span><\/i><a href=\"https:\/\/www.inca.gov.br\/sites\/ufu.sti.inca.local\/files\/media\/document\/recomendacoes-cancer-de-mama-inca-2017_0.pdf\"> <span style=\"font-weight: 400;\">https:\/\/www.inca.gov.br\/sites\/ufu.sti.inca.local\/files\/media\/document\/recomendacoes-cancer-de-mama-inca-2017_0.pdf<\/span><\/a><\/p>\n\n<p><b>Instituto Nacional de C\u00e2ncer (INCA)<\/b><b><br \/>\n<\/b> <i><span style=\"font-weight: 400;\">Detec\u00e7\u00e3o precoce do c\u00e2ncer de mama<\/span><\/i><i><span style=\"font-weight: 400;\"><br \/>\n<\/span><\/i><a href=\"https:\/\/www.gov.br\/inca\/pt-br\/assuntos\/gestor-e-profissional-de-saude\/controle-do-cancer-de-mama\/acoes\/deteccao-precoce#:~:text=Essa%20estrat%C3%A9gia%20de%20conscientiza%C3%A7%C3%A3o%20destaca,avan%C3%A7ada%20do%20c%C3%A2ncer%20de%20mama\"> <span style=\"font-weight: 400;\">https:\/\/www.gov.br\/inca\/pt-br\/assuntos\/gestor-e-profissional-de-saude\/controle-do-cancer-de-mama\/acoes\/deteccao-precoce#:~:text=Essa%20estrat%C3%A9gia%20de%20conscientiza%C3%A7%C3%A3o%20destaca,avan%C3%A7ada%20do%20c%C3%A2ncer%20de%20mama<\/span><\/a><span style=\"font-weight: 400;\">.<\/span><\/p>\n\n<p><b>Minist\u00e9rio da Sa\u00fade<\/b><b><br \/>\n<\/b> <i><span style=\"font-weight: 400;\">P\u00e1gina oficial sobre c\u00e2ncer de mama<\/span><\/i><i><span style=\"font-weight: 400;\"><br \/>\n<\/span><\/i><a href=\"https:\/\/www.gov.br\/saude\/pt-br\/assuntos\/saude-de-a-a-z\/c\/cancer-de-mama\"> <span style=\"font-weight: 400;\">https:\/\/www.gov.br\/saude\/pt-br\/assuntos\/saude-de-a-a-z\/c\/cancer-de-mama<\/span><\/a><\/p>\n\n<p><b>Revista Brasileira de An\u00e1lises Cl\u00ednicas<\/b><\/p>\n<p><i><span style=\"font-weight: 400;\">Predisposi\u00e7\u00e3o heredit\u00e1ria ao c\u00e2ncer de mama e sua rela\u00e7\u00e3o com os genes BRCA1 e BRCA2: revis\u00e3o da literatura<\/span><\/i><\/p>\n\n<p><a href=\"https:\/\/www.rbac.org.br\/artigos\/predisposicao-hereditaria-ao-cancer-de-mama-e-sua-relacao-com-os-genes-brca1-e-brca2-revisao-da-literatura\/\"><b>https:\/\/www.rbac.org.br\/artigos\/predisposicao-hereditaria-ao-cancer-de-mama-e-sua-relacao-com-os-genes-brca1-e-brca2-revisao-da-literatura\/<\/b><\/a><\/p>\n\n<p><b>Revista Brasileira de Enfermagem (REBEn)<\/b><b><br \/>\n<\/b> <i><span style=\"font-weight: 400;\">Fatores de risco e pr\u00e1ticas de detec\u00e7\u00e3o do c\u00e2ncer de mama em mulheres em tratamento quimioter\u00e1pico<\/span><\/i><i><span style=\"font-weight: 400;\"><br \/>\n<\/span><\/i><a href=\"https:\/\/www.scielo.br\/j\/reben\/a\/TMQQbvwZ75LPkQy6KyRLLHx\/?lang=pt&amp;format=html\"> <span style=\"font-weight: 400;\">https:\/\/www.scielo.br\/j\/reben\/a\/TMQQbvwZ75LPkQy6KyRLLHx\/?lang=pt&amp;format=html<\/span><\/a><\/p>\n\n<p><b>REBEn \u2013 Nascimento TG, Silva SR, Machado ARM<\/b><b><br \/>\n<\/b> <i><span style=\"font-weight: 400;\">Autoexame de mama: significado para pacientes em tratamento quimioter\u00e1pico<\/span><\/i><i><span style=\"font-weight: 400;\"><br \/>\n<\/span><\/i><a href=\"https:\/\/www.scielo.br\/j\/reben\/a\/TMQQbvwZ75LPkQy6KyRLLHx\/?lang=pt&amp;format=html\"> <span style=\"font-weight: 400;\">https:\/\/www.scielo.br\/j\/reben\/a\/TMQQbvwZ75LPkQy6KyRLLHx\/?lang=pt&amp;format=html<\/span><\/a><\/p>\n\n<p><b>Revista Brasileira de Ginecologia e Obstetr\u00edcia (RBGO)<\/b><b><br \/>\n<\/b> <i><span style=\"font-weight: 400;\">C\u00e2ncer de mama masculino: an\u00e1lise de casos registrados no interior do Maranh\u00e3o<\/span><\/i><i><span style=\"font-weight: 400;\"><br \/>\n<\/span><\/i><a href=\"https:\/\/www.scielo.br\/j\/rbgo\/a\/yfx6D5t8zDwMtbtZQfyF9pP\/\"> <span style=\"font-weight: 400;\">https:\/\/www.scielo.br\/j\/rbgo\/a\/yfx6D5t8zDwMtbtZQfyF9pP\/<\/span><\/a><\/p>\n\n","protected":false},"excerpt":{"rendered":"<p>&#8220;Foi no banho. Ela percebeu um n\u00f3dulo diferente, que n\u00e3o do\u00eda. Pensou que passaria. Mas n\u00e3o passou.&#8221; Cenas como essa ainda s\u00e3o comuns quando falamos em sintomas de c\u00e2ncer de mama. A doen\u00e7a, silenciosa em muitos casos, segue sendo o tipo de c\u00e2ncer mais frequente entre as mulheres brasileiras, respons\u00e1vel por cerca de 28% dos [&hellip;]<\/p>\n","protected":false},"author":8,"featured_media":209,"comment_status":"open","ping_status":"open","sticky":false,"template":"","format":"standard","meta":{"_acf_changed":false,"om_disable_all_campaigns":false,"_monsterinsights_skip_tracking":false,"_monsterinsights_sitenote_active":false,"_monsterinsights_sitenote_note":"","_monsterinsights_sitenote_category":0,"footnotes":""},"categories":[13],"tags":[23],"class_list":["post-208","post","type-post","status-publish","format-standard","has-post-thumbnail","hentry","category-tipos-de-cancer","tag-cancer-de-mama"],"acf":[],"aioseo_notices":[],"_links":{"self":[{"href":"https:\/\/cromaoncologia.com.br\/sobre-o-cancer\/wp-json\/wp\/v2\/posts\/208","targetHints":{"allow":["GET"]}}],"collection":[{"href":"https:\/\/cromaoncologia.com.br\/sobre-o-cancer\/wp-json\/wp\/v2\/posts"}],"about":[{"href":"https:\/\/cromaoncologia.com.br\/sobre-o-cancer\/wp-json\/wp\/v2\/types\/post"}],"author":[{"embeddable":true,"href":"https:\/\/cromaoncologia.com.br\/sobre-o-cancer\/wp-json\/wp\/v2\/users\/8"}],"replies":[{"embeddable":true,"href":"https:\/\/cromaoncologia.com.br\/sobre-o-cancer\/wp-json\/wp\/v2\/comments?post=208"}],"version-history":[{"count":3,"href":"https:\/\/cromaoncologia.com.br\/sobre-o-cancer\/wp-json\/wp\/v2\/posts\/208\/revisions"}],"predecessor-version":[{"id":434,"href":"https:\/\/cromaoncologia.com.br\/sobre-o-cancer\/wp-json\/wp\/v2\/posts\/208\/revisions\/434"}],"wp:featuredmedia":[{"embeddable":true,"href":"https:\/\/cromaoncologia.com.br\/sobre-o-cancer\/wp-json\/wp\/v2\/media\/209"}],"wp:attachment":[{"href":"https:\/\/cromaoncologia.com.br\/sobre-o-cancer\/wp-json\/wp\/v2\/media?parent=208"}],"wp:term":[{"taxonomy":"category","embeddable":true,"href":"https:\/\/cromaoncologia.com.br\/sobre-o-cancer\/wp-json\/wp\/v2\/categories?post=208"},{"taxonomy":"post_tag","embeddable":true,"href":"https:\/\/cromaoncologia.com.br\/sobre-o-cancer\/wp-json\/wp\/v2\/tags?post=208"}],"curies":[{"name":"wp","href":"https:\/\/api.w.org\/{rel}","templated":true}]}}