{"id":216,"date":"2025-09-04T16:07:43","date_gmt":"2025-09-04T19:07:43","guid":{"rendered":"https:\/\/cromaoncologia.com.br\/sobre-o-cancer\/?p=216"},"modified":"2026-04-13T23:45:01","modified_gmt":"2026-04-14T02:45:01","slug":"entenda-o-que-e-o-carcinoma","status":"publish","type":"post","link":"https:\/\/cromaoncologia.com.br\/sobre-o-cancer\/entenda-o-que-e-o-carcinoma\/","title":{"rendered":"Entenda o que \u00e9 o carcinoma e sua rela\u00e7\u00e3o com o c\u00e2ncer"},"content":{"rendered":"\n<div id=\"attachment_217\" style=\"width: 1034px\" class=\"wp-caption aligncenter\"><img fetchpriority=\"high\" decoding=\"async\" aria-describedby=\"caption-attachment-217\" class=\"wp-image-217 size-large\" src=\"https:\/\/cromaoncologia.com.br\/sobre-o-cancer\/wp-content\/uploads\/2025\/08\/iStock-1152216002-1024x683.jpg\" alt=\"Entenda o que \u00e9 o carcinoma e sua rela\u00e7\u00e3o com o c\u00e2ncer\" width=\"1024\" height=\"683\" srcset=\"https:\/\/cromaoncologia.com.br\/sobre-o-cancer\/wp-content\/uploads\/2025\/08\/iStock-1152216002-1024x683.jpg 1024w, https:\/\/cromaoncologia.com.br\/sobre-o-cancer\/wp-content\/uploads\/2025\/08\/iStock-1152216002-300x200.jpg 300w, https:\/\/cromaoncologia.com.br\/sobre-o-cancer\/wp-content\/uploads\/2025\/08\/iStock-1152216002-768x513.jpg 768w, https:\/\/cromaoncologia.com.br\/sobre-o-cancer\/wp-content\/uploads\/2025\/08\/iStock-1152216002.jpg 1254w\" sizes=\"(max-width: 1024px) 100vw, 1024px\" \/><p id=\"caption-attachment-217\" class=\"wp-caption-text\">Entenda o que \u00e9 o carcinoma e sua rela\u00e7\u00e3o com o c\u00e2ncer<\/p><\/div>\n\n<p><span style=\"font-weight: 400;\">Receber um diagn\u00f3stico de c\u00e2ncer desperta muitas perguntas. Em alguns casos, a palavra <\/span><b>carcinoma<\/b><span style=\"font-weight: 400;\"> aparece antes mesmo de qualquer explica\u00e7\u00e3o.\u00a0<\/span><\/p>\n<p><span style=\"font-weight: 400;\">Por isso, entender o que ela representa \u00e9 um passo importante para lidar com o processo de cuidado de forma mais consciente e tranquila.<\/span><\/p>\n<p><span style=\"font-weight: 400;\">Neste artigo, voc\u00ea vai entender o que \u00e9 o carcinoma, porque ele est\u00e1 entre os tipos mais comuns de c\u00e2ncer e como diferentes formas da doen\u00e7a podem se manifestar.<\/span><i><span style=\"font-weight: 400;\"> Continue a leitura!<\/span><\/i><\/p>\n<h2><b>O que \u00e9 carcinoma?<\/b><\/h2>\n<p><span style=\"font-weight: 400;\">O <\/span><b>carcinoma<\/b><span style=\"font-weight: 400;\"> \u00e9 um tipo de c\u00e2ncer que tem origem nos tecidos epiteliais \u2014 aqueles que revestem a pele, os \u00f3rg\u00e3os internos e algumas mucosas.<\/span><\/p>\n<p><span style=\"font-weight: 400;\">Essas c\u00e9lulas est\u00e3o presentes em v\u00e1rias partes do corpo e, quando sofrem altera\u00e7\u00f5es, podem dar origem a diferentes tipos de tumor.<\/span><\/p>\n<p><span style=\"font-weight: 400;\">Segundo o<\/span><a href=\"https:\/\/www.gov.br\/inca\/pt-br\/assuntos\/cancer\/o-que-e-cancer\"> <span style=\"font-weight: 400;\">INCA<\/span><\/a><span style=\"font-weight: 400;\">, os <\/span><a href=\"https:\/\/cromaoncologia.com.br\/sobre-o-cancer\/tipos-de-cancer\/\"><span style=\"font-weight: 400;\">tipos de c\u00e2ncer<\/span><\/a><span style=\"font-weight: 400;\"> variam conforme o tecido onde come\u00e7am.\u00a0<\/span><\/p>\n<p><span style=\"font-weight: 400;\">Quando surgem nos tecidos epiteliais, recebem o nome de <\/span><b>carcinomas<\/b><span style=\"font-weight: 400;\">. J\u00e1 os tumores que se iniciam em tecidos conjuntivos, como osso, m\u00fasculo ou cartilagem, s\u00e3o chamados de <\/span><b>sarcomas<\/b><span style=\"font-weight: 400;\">.<\/span><\/p>\n<p><span style=\"font-weight: 400;\">Sendo assim, o carcinoma \u00e9 um dos tipos mais frequentes, especialmente por afetar regi\u00f5es do corpo mais expostas ou sens\u00edveis a fatores ambientais e hormonais. Ele pode surgir na pele, no f\u00edgado, nos pulm\u00f5es, nas mamas, entre outros locais.<\/span><\/p>\n<p><span style=\"font-weight: 400;\">Neste sentido, o <\/span><b>acompanhamento m\u00e9dico regular, combinado \u00e0 aten\u00e7\u00e3o aos sinais do corpo, \u00e9 essencial <\/b><span style=\"font-weight: 400;\">para que esse tipo de c\u00e2ncer seja identificado precocemente e tratado com mais clareza e cuidado.<\/span><\/p>\n<h2><b>Quais s\u00e3o os tipos de carcinomas?<\/b><\/h2>\n<p><span style=\"font-weight: 400;\">Existem diferentes tipos de carcinoma, classificados de acordo com o local de origem e as caracter\u00edsticas das c\u00e9lulas afetadas.<\/span><\/p>\n<p><span style=\"font-weight: 400;\">Conhecer essas varia\u00e7\u00f5es \u00e9 essencial para definir o tratamento adequado e entender o comportamento da doen\u00e7a.<\/span><\/p>\n<h3><b>Carcinoma basocelular<\/b><\/h3>\n<div id=\"attachment_218\" style=\"width: 1034px\" class=\"wp-caption aligncenter\"><img decoding=\"async\" aria-describedby=\"caption-attachment-218\" class=\"wp-image-218 size-large\" src=\"https:\/\/cromaoncologia.com.br\/sobre-o-cancer\/wp-content\/uploads\/2025\/08\/iStock-2148513226-1024x681.jpg\" alt=\"Carcinoma basocelular\" width=\"1024\" height=\"681\" srcset=\"https:\/\/cromaoncologia.com.br\/sobre-o-cancer\/wp-content\/uploads\/2025\/08\/iStock-2148513226-1024x681.jpg 1024w, https:\/\/cromaoncologia.com.br\/sobre-o-cancer\/wp-content\/uploads\/2025\/08\/iStock-2148513226-300x200.jpg 300w, https:\/\/cromaoncologia.com.br\/sobre-o-cancer\/wp-content\/uploads\/2025\/08\/iStock-2148513226-768x511.jpg 768w, https:\/\/cromaoncologia.com.br\/sobre-o-cancer\/wp-content\/uploads\/2025\/08\/iStock-2148513226.jpg 1255w\" sizes=\"(max-width: 1024px) 100vw, 1024px\" \/><p id=\"caption-attachment-218\" class=\"wp-caption-text\">Carcinoma basocelular<\/p><\/div>\n<p><span style=\"font-weight: 400;\">\u00c9 o tipo mais comum de c\u00e2ncer de pele. Surge geralmente em \u00e1reas expostas ao sol, como rosto, pesco\u00e7o e couro cabeludo, e se desenvolve lentamente.\u00a0<\/span><\/p>\n<p><span style=\"font-weight: 400;\">Costuma apresentar apar\u00eancia de ferida que n\u00e3o cicatriza, mancha avermelhada ou n\u00f3dulo brilhante.<\/span><\/p>\n<p><span style=\"font-weight: 400;\">Apesar de raramente causar met\u00e1stase, o <\/span><b>carcinoma basocelular<\/b><span style=\"font-weight: 400;\"> precisa ser tratado precocemente para evitar les\u00f5es extensas ou deforma\u00e7\u00f5es. A principal causa \u00e9 a exposi\u00e7\u00e3o solar cr\u00f4nica e sem prote\u00e7\u00e3o.<\/span><\/p>\n<h3><b>Carcinoma espinocelular (ou de c\u00e9lulas escamosas)<\/b><\/h3>\n<p><span style=\"font-weight: 400;\">Tamb\u00e9m relacionado ao c\u00e2ncer de pele, o <\/span><b>carcinoma espinocelular, ou carcinoma epiderm\u00f3ide,<\/b><span style=\"font-weight: 400;\"> acomete as c\u00e9lulas escamosas, que formam as camadas mais externas da pele e tamb\u00e9m revestem \u00f3rg\u00e3os como es\u00f4fago, pulm\u00f5es e trato genital.<\/span><\/p>\n<p><span style=\"font-weight: 400;\">Esse tipo de c\u00e2ncer pode surgir em feridas que n\u00e3o cicatrizam, les\u00f5es \u00e1speras, com crostas ou descama\u00e7\u00f5es.\u00a0<\/span><\/p>\n<p><span style=\"font-weight: 400;\">Diferente do basocelular, possui maior risco de dissemina\u00e7\u00e3o para linfonodos e outros \u00f3rg\u00e3os, principalmente se n\u00e3o tratado a tempo.<\/span><\/p>\n<h3><b>Adenocarcinoma<\/b><\/h3>\n<p><span style=\"font-weight: 400;\">O <\/span><b>adenocarcinoma<\/b><span style=\"font-weight: 400;\"> \u00e9 um tipo de carcinoma que se origina nas c\u00e9lulas glandulares, ou seja, aquelas que produzem secre\u00e7\u00f5es no corpo, como muco ou horm\u00f4nios.<\/span><\/p>\n<p><span style=\"font-weight: 400;\">Ele pode acometer diversas regi\u00f5es e \u00e9 o subtipo mais comum nos seguintes locias:<\/span><\/p>\n<ul>\n<li style=\"font-weight: 400;\" aria-level=\"1\"><span style=\"font-weight: 400;\">Mama<\/span><\/li>\n<li style=\"font-weight: 400;\" aria-level=\"1\"><span style=\"font-weight: 400;\">Pr\u00f3stata<\/span><\/li>\n<li style=\"font-weight: 400;\" aria-level=\"1\"><span style=\"font-weight: 400;\">C\u00f3lon e reto<\/span><\/li>\n<li style=\"font-weight: 400;\" aria-level=\"1\"><span style=\"font-weight: 400;\">Est\u00f4mago<\/span><\/li>\n<li style=\"font-weight: 400;\" aria-level=\"1\"><span style=\"font-weight: 400;\">Pulm\u00e3o<\/span><\/li>\n<\/ul>\n<p><span style=\"font-weight: 400;\">Seu comportamento varia conforme o est\u00e1gio, o local de origem e o grau de diferencia\u00e7\u00e3o das c\u00e9lulas tumorais.<\/span><\/p>\n<h3><b>Carcinoma hep\u00e1tico<\/b><\/h3>\n<p><span style=\"font-weight: 400;\">O carcinoma que afeta o f\u00edgado, chamado <\/span><b>carcinoma hepatocelular<\/b><span style=\"font-weight: 400;\">, \u00e9 o tipo mais comum de c\u00e2ncer prim\u00e1rio desse \u00f3rg\u00e3o.\u00a0<\/span><\/p>\n<p><span style=\"font-weight: 400;\">Ele est\u00e1 geralmente relacionado a doen\u00e7as hep\u00e1ticas pr\u00e9vias, como hepatites virais (B ou C), cirrose e esteatose hep\u00e1tica.<\/span><\/p>\n<p><span style=\"font-weight: 400;\">Esse tipo de c\u00e2ncer tamb\u00e9m tende a se <\/span><a href=\"https:\/\/www.gov.br\/inca\/pt-br\/assuntos\/cancer\/tipos\/figado\"><span style=\"font-weight: 400;\">desenvolver de forma silenciosa<\/span><\/a><span style=\"font-weight: 400;\">.\u00a0<\/span><\/p>\n<p><span style=\"font-weight: 400;\">Por isso, pessoas com fatores de risco devem realizar acompanhamento peri\u00f3dico, com exames de imagem e dosagem de marcadores como a alfafetoprote\u00edna (AFP).<\/span><\/p>\n<p><span style=\"font-weight: 400;\">A detec\u00e7\u00e3o precoce \u00e9 importante para avaliar a possibilidade de cirurgia, transplante hep\u00e1tico ou terapias localizadas, que buscam preservar a fun\u00e7\u00e3o do f\u00edgado e controlar o crescimento do tumor.<\/span><\/p>\n<h3><b>Carcinoma papil\u00edfero<\/b><\/h3>\n<p><span style=\"font-weight: 400;\">O <\/span><b>carcinoma papil\u00edfero da tireoide<\/b><span style=\"font-weight: 400;\"> \u00e9 o subtipo mais comum entre os tumores malignos da gl\u00e2ndula.\u00a0<\/span><\/p>\n<p><span style=\"font-weight: 400;\">Ele costuma evoluir lentamente e, quando diagnosticado em fases iniciais, tem \u00f3timas perspectivas de tratamento.<\/span><\/p>\n<p><span style=\"font-weight: 400;\">Esse tipo de carcinoma \u00e9 mais frequente em <\/span><a href=\"https:\/\/www.endocrino.org.br\/proteja-se-do-cancer-de-tireoide\/\"><span style=\"font-weight: 400;\">mulheres entre 30 e 50 anos<\/span><\/a><span style=\"font-weight: 400;\"> e pode se manifestar como um n\u00f3dulo indolor na parte anterior do pesco\u00e7o. Em alguns casos, tamb\u00e9m h\u00e1 altera\u00e7\u00e3o na voz ou dificuldade para engolir.<\/span><\/p>\n<p><span style=\"font-weight: 400;\">Sendo assim, o acompanhamento com endocrinologista e a realiza\u00e7\u00e3o de ultrassonografias de rotina s\u00e3o estrat\u00e9gias importantes para investigar altera\u00e7\u00f5es na tireoide.\u00a0<\/span><\/p>\n<p><span style=\"font-weight: 400;\">Quando necess\u00e1rio, exames complementares como a pun\u00e7\u00e3o aspirativa por agulha fina (PAAF) ajudam na defini\u00e7\u00e3o do <\/span><a href=\"https:\/\/www.tireoide.org.br\/cancer-papilifero-da-tireoide\/\"><span style=\"font-weight: 400;\">diagn\u00f3stico<\/span><\/a><span style=\"font-weight: 400;\">.<\/span><\/p>\n<h2><b>Carcinoma in situ<\/b><\/h2>\n<p><span style=\"font-weight: 400;\">Quando falamos em <\/span><b>carcinoma<\/b><span style=\"font-weight: 400;\">, \u00e9 importante entender que nem todo diagn\u00f3stico indica um tumor que j\u00e1 se espalhou. Em muitos casos, a altera\u00e7\u00e3o celular est\u00e1 restrita \u00e0 camada mais superficial do tecido, sem atingir estruturas mais profundas. Esse \u00e9 o caso do <\/span><b>carcinoma in situ<\/b><span style=\"font-weight: 400;\">.<\/span><\/p>\n<p><span style=\"font-weight: 400;\">Trata-se de uma forma muito inicial do c\u00e2ncer, em que as c\u00e9lulas com muta\u00e7\u00f5es gen\u00e9ticas ainda n\u00e3o invadiram outros tecidos ao redor.\u00a0<\/span><\/p>\n<p><span style=\"font-weight: 400;\">\u00c9 como se o problema estivesse localizado em um \u201cponto de partida\u201d, oferecendo uma oportunidade valiosa de cuidado e acompanhamento antes que haja maior comprometimento.<\/span><\/p>\n<p><span style=\"font-weight: 400;\">Por isso, o carcinoma in situ costuma ter uma<\/span><b> resposta muito positiva quando identificado precocemente<\/b><span style=\"font-weight: 400;\">, especialmente em locais como mama, colo do \u00fatero, pele e bexiga.<\/span><\/p>\n<p><span style=\"font-weight: 400;\">Diferente do <\/span><b>carcinoma invasivo<\/b><span style=\"font-weight: 400;\"> \u2014 quando as c\u00e9lulas alteradas j\u00e1 atravessaram a barreira do tecido de origem e podem comprometer outras \u00e1reas \u2014 o carcinoma in situ est\u00e1 confinado. Ele ainda n\u00e3o invadiu tecidos adjacentes, nem se espalhou pelo corpo.<\/span><\/p>\n<p><span style=\"font-weight: 400;\">Mesmo assim, esse tipo de altera\u00e7\u00e3o merece aten\u00e7\u00e3o e <\/span><b>cuidado coordenado<\/b><span style=\"font-weight: 400;\">.\u00a0<\/span><\/p>\n<p><span style=\"font-weight: 400;\">O acompanhamento com uma equipe especializada, aliando exames peri\u00f3dicos e condutas integradas, \u00e9 fundamental para monitorar a evolu\u00e7\u00e3o e decidir, com clareza e acolhimento, os pr\u00f3ximos passos.<\/span><\/p>\n<p><span style=\"font-weight: 400;\">Na <\/span><b>Croma Oncologia<\/b><span style=\"font-weight: 400;\">, esse cuidado acontece em uma <\/span><b>linha de cuidado estruturada<\/b><span style=\"font-weight: 400;\">, que conecta profissionais, diagn\u00f3sticos e condutas cl\u00ednicas visando proporcionar uma experi\u00eancia mais segura e centrada na pessoa.<\/span><\/p>\n<p><span style=\"font-weight: 400;\">Por isso, algumas atitudes simples podem fazer diferen\u00e7a na detec\u00e7\u00e3o precoce do carcinoma in situ:<\/span><\/p>\n<ul>\n<li style=\"font-weight: 400;\" aria-level=\"1\"><b>Esteja em dia com seus exames preventivos<\/b><span style=\"font-weight: 400;\">, como mamografia, Papanicolau e colonoscopia.<\/span><\/li>\n<li style=\"font-weight: 400;\" aria-level=\"1\"><b>Converse com sua m\u00e9dica ou m\u00e9dico de confian\u00e7a<\/b><span style=\"font-weight: 400;\"> sobre seus antecedentes e fatores de risco.<\/span><\/li>\n<li style=\"font-weight: 400;\" aria-level=\"1\"><b>Fique atento a altera\u00e7\u00f5es no corpo<\/b><span style=\"font-weight: 400;\">, mesmo que pequenas ou sem dor.<\/span><\/li>\n<li style=\"font-weight: 400;\" aria-level=\"1\"><b>Valorize a escuta acolhedora<\/b><span style=\"font-weight: 400;\">, pois como a informa\u00e7\u00e3o \u00e9 recebida e compartilhada tamb\u00e9m impacta o cuidado.<\/span><\/li>\n<\/ul>\n<h2><b>A import\u00e2ncia do diagn\u00f3stico precoce<\/b><\/h2>\n<p><span style=\"font-weight: 400;\">Quando falamos em tratamento oncol\u00f3gico, o tempo conta. Mais do que isso, o tempo aliado \u00e0 informa\u00e7\u00e3o e ao cuidado coordenado pode transformar completamente o percurso de quem recebe um diagn\u00f3stico.<\/span><\/p>\n<p><span style=\"font-weight: 400;\">No caso dos carcinomas, especialmente, o diagn\u00f3stico precoce tem papel decisivo. Para alguns tipos \u2014 como <\/span><b>c\u00e2ncer de mama, c\u00e2ncer de colo do \u00fatero, c\u00e2ncer de c\u00f3lon e reto e c\u00e2ncer de pulm\u00e3o<\/b><span style=\"font-weight: 400;\"> \u2014 j\u00e1 existem <\/span><b>programas estruturados de rastreamento<\/b><span style=\"font-weight: 400;\"> e, em certos casos, <\/span><b>estrat\u00e9gias preventivas bem definidas<\/b><span style=\"font-weight: 400;\">, como a vacina\u00e7\u00e3o contra o HPV e a realiza\u00e7\u00e3o peri\u00f3dica de exames como mamografia, Papanicolau e colonoscopia.<\/span><\/p>\n<p><span style=\"font-weight: 400;\">Essa abordagem permite que as altera\u00e7\u00f5es sejam identificadas ainda em est\u00e1gio inicial \u2014 muitas vezes, quando est\u00e3o localizadas em regi\u00f5es com menor risco de comprometimento de outros tecidos.<\/span><\/p>\n<p><span style=\"font-weight: 400;\">Segundo o<\/span><a href=\"https:\/\/www.gov.br\/inca\/pt-br\/assuntos\/gestor-e-profissional-de-saude\/controle-do-cancer-de-mama\/acoes\/deteccao-precoce\"> <span style=\"font-weight: 400;\">Instituto Nacional de C\u00e2ncer (INCA)<\/span><\/a><span style=\"font-weight: 400;\">, a detec\u00e7\u00e3o precoce \u00e9 uma estrat\u00e9gia essencial para aumentar as possibilidades de tratamento com menor impacto f\u00edsico e emocional, al\u00e9m de contribuir para a preserva\u00e7\u00e3o da qualidade de vida da pessoa em cuidado oncol\u00f3gico.<\/span><\/p>\n<p><span style=\"font-weight: 400;\">Na <\/span><b>Croma Oncologia<\/b><span style=\"font-weight: 400;\">, defendemos um modelo que valoriza o diagn\u00f3stico precoce como parte essencial da linha de cuidado.\u00a0<\/span><\/p>\n<p><span style=\"font-weight: 400;\">Isso significa acolher o paciente com escuta ativa, atuar com agilidade e construir um plano de cuidado que leve em conta a individualidade de cada caso.<\/span><\/p>\n<h2><b>A Croma Oncologia<\/b><\/h2>\n<div id=\"attachment_219\" style=\"width: 1034px\" class=\"wp-caption aligncenter\"><img decoding=\"async\" aria-describedby=\"caption-attachment-219\" class=\"wp-image-219 size-large\" src=\"https:\/\/cromaoncologia.com.br\/sobre-o-cancer\/wp-content\/uploads\/2025\/08\/Croma-Morumbi-1-1024x575.png\" alt=\"A Croma Oncologia\" width=\"1024\" height=\"575\" srcset=\"https:\/\/cromaoncologia.com.br\/sobre-o-cancer\/wp-content\/uploads\/2025\/08\/Croma-Morumbi-1-1024x575.png 1024w, https:\/\/cromaoncologia.com.br\/sobre-o-cancer\/wp-content\/uploads\/2025\/08\/Croma-Morumbi-1-300x169.png 300w, https:\/\/cromaoncologia.com.br\/sobre-o-cancer\/wp-content\/uploads\/2025\/08\/Croma-Morumbi-1-768x431.png 768w, https:\/\/cromaoncologia.com.br\/sobre-o-cancer\/wp-content\/uploads\/2025\/08\/Croma-Morumbi-1-1536x863.png 1536w, https:\/\/cromaoncologia.com.br\/sobre-o-cancer\/wp-content\/uploads\/2025\/08\/Croma-Morumbi-1-2048x1151.png 2048w\" sizes=\"(max-width: 1024px) 100vw, 1024px\" \/><p id=\"caption-attachment-219\" class=\"wp-caption-text\">A Croma Oncologia<\/p><\/div>\n<p><span style=\"font-weight: 400;\">Na Croma Oncologia, acreditamos que o cuidado come\u00e7a <\/span><b>com escuta e presen\u00e7a<\/b><span style=\"font-weight: 400;\">.<\/span><\/p>\n<p><span style=\"font-weight: 400;\">Por isso, nosso modelo \u00e9 constru\u00eddo com base em uma <\/span><b>linha de cuidado coordenada e acolhedora<\/b><span style=\"font-weight: 400;\">, que integra exames, diagn\u00f3stico, tratamentos e acompanhamento p\u00f3s-terap\u00eautico de forma humanizada e clara.<\/span><\/p>\n<p><span style=\"font-weight: 400;\">Dessa forma, \u00e9 poss\u00edvel proporcionar uma experi\u00eancia diferenciada ao paciente oncol\u00f3gico, com um plano de aten\u00e7\u00e3o que respeita o tempo e as necessidades de cada pessoa.<\/span><\/p>\n<p><span style=\"font-weight: 400;\">Al\u00e9m disso, contamos com uma equipe multiprofissional especializada \u2014 formada por <\/span><b>m\u00e9dicos, psic\u00f3logos, nutricionistas, fisioterapeutas e outros profissionais<\/b><span style=\"font-weight: 400;\"> \u2014 que atuam em conjunto para oferecer suporte completo e atencioso.<\/span><\/p>\n<p><span style=\"font-weight: 400;\">Assista o v\u00eddeo abaixo e conhe\u00e7a nossa perspectiva para o cuidado oncol\u00f3gico:<\/span><span style=\"font-weight: 400;\"><br \/>\n<\/span><\/p>\n\n<h2><b>Conclus\u00e3o<\/b><\/h2>\n<p><span style=\"font-weight: 400;\">Conhecer o que \u00e9 um carcinoma, identificar sintomas e compreender a import\u00e2ncia do diagn\u00f3stico precoce s\u00e3o passos essenciais para transformar o cuidado em sa\u00fade.<\/span><\/p>\n<p><span style=\"font-weight: 400;\">Na Croma, atuamos com sensibilidade, conhecimento e responsabilidade, sempre com foco no bem-estar da pessoa.<\/span><\/p>\n<p><b>Mais do que oferecer tratamentos, queremos estar presentes, orientando e cuidando com empatia e respeito em cada etapa.<\/b><\/p>\n<p><span style=\"font-weight: 400;\">Se voc\u00ea ou algu\u00e9m pr\u00f3ximo est\u00e1 em busca de um acompanhamento mais humano, com escuta ativa e profissionais especializados, <\/span><a href=\"https:\/\/cromaoncologia.com.br\/\"><span style=\"font-weight: 400;\">conte com a Croma Oncologia.<\/span><\/a><\/p>\n\n<p><span style=\"font-weight: 400;\">Refer\u00eancias<\/span><\/p>\n<p><b>INCA \u2013 Detec\u00e7\u00e3o precoce do c\u00e2ncer de mama<\/b><b><br \/>\n<\/b><a href=\"https:\/\/www.gov.br\/inca\/pt-br\/assuntos\/gestor-e-profissional-de-saude\/controle-do-cancer-de-mama\/acoes\/deteccao-precoce\"> <span style=\"font-weight: 400;\">https:\/\/www.gov.br\/inca\/pt-br\/assuntos\/gestor-e-profissional-de-saude\/controle-do-cancer-de-mama\/acoes\/deteccao-precoce<\/span><\/a><\/p>\n<p><b>INCA \u2013 O que \u00e9 c\u00e2ncer<\/b><b><br \/>\n<\/b><a href=\"https:\/\/www.gov.br\/inca\/pt-br\/assuntos\/cancer\/o-que-e-cancer\"> <span style=\"font-weight: 400;\">https:\/\/www.gov.br\/inca\/pt-br\/assuntos\/cancer\/o-que-e-cancer<\/span><\/a><\/p>\n<p><b>INCA \u2013 Cap\u00edtulo 1: C\u00e2ncer de colo uterino (Semin\u00e1rio de Radioterapia)<\/b><b><br \/>\n<\/b><a href=\"https:\/\/www.inca.gov.br\/sites\/ufu.sti.inca.local\/files\/media\/document\/seminario-radioterapia-capitulo-um-cancer-de-colo-uterino.pdf\"> <span style=\"font-weight: 400;\">https:\/\/www.inca.gov.br\/sites\/ufu.sti.inca.local\/files\/media\/document\/seminario-radioterapia-capitulo-um-cancer-de-colo-uterino.pdf<\/span><\/a><\/p>\n<p><b>Sociedade Brasileira de Endocrinologia e Metabologia \u2013 Proteja-se do c\u00e2ncer de tireoide<\/b><b><br \/>\n<\/b><a href=\"https:\/\/www.endocrino.org.br\/proteja-se-do-cancer-de-tireoide\/\"> <span style=\"font-weight: 400;\">https:\/\/www.endocrino.org.br\/proteja-se-do-cancer-de-tireoide\/<\/span><\/a><\/p>\n<p><b>INCA \u2013 C\u00e2ncer de f\u00edgado<\/b><b><br \/>\n<\/b><a href=\"https:\/\/www.gov.br\/inca\/pt-br\/assuntos\/cancer\/tipos\/figado\"> <span style=\"font-weight: 400;\">https:\/\/www.gov.br\/inca\/pt-br\/assuntos\/cancer\/tipos\/figado<\/span><\/a><\/p>\n<p><b>INCA \u2013 Detec\u00e7\u00e3o precoce do c\u00e2ncer de mama<\/b><b><br \/>\n<\/b><a href=\"https:\/\/www.gov.br\/inca\/pt-br\/assuntos\/gestor-e-profissional-de-saude\/controle-do-cancer-de-mama\/acoes\/deteccao-precoce\"> <span style=\"font-weight: 400;\">https:\/\/www.gov.br\/inca\/pt-br\/assuntos\/gestor-e-profissional-de-saude\/controle-do-cancer-de-mama\/acoes\/deteccao-precoce<\/span><\/a><\/p>\n\n","protected":false},"excerpt":{"rendered":"<p>Receber um diagn\u00f3stico de c\u00e2ncer desperta muitas perguntas. Em alguns casos, a palavra carcinoma aparece antes mesmo de qualquer explica\u00e7\u00e3o.\u00a0 Por isso, entender o que ela representa \u00e9 um passo importante para lidar com o processo de cuidado de forma mais consciente e tranquila. Neste artigo, voc\u00ea vai entender o que \u00e9 o carcinoma, porque [&hellip;]<\/p>\n","protected":false},"author":8,"featured_media":217,"comment_status":"open","ping_status":"open","sticky":false,"template":"","format":"standard","meta":{"_acf_changed":false,"om_disable_all_campaigns":false,"_monsterinsights_skip_tracking":false,"_monsterinsights_sitenote_active":false,"_monsterinsights_sitenote_note":"","_monsterinsights_sitenote_category":0,"footnotes":""},"categories":[13],"tags":[24],"class_list":["post-216","post","type-post","status-publish","format-standard","has-post-thumbnail","hentry","category-tipos-de-cancer","tag-carcinoma"],"acf":[],"aioseo_notices":[],"_links":{"self":[{"href":"https:\/\/cromaoncologia.com.br\/sobre-o-cancer\/wp-json\/wp\/v2\/posts\/216","targetHints":{"allow":["GET"]}}],"collection":[{"href":"https:\/\/cromaoncologia.com.br\/sobre-o-cancer\/wp-json\/wp\/v2\/posts"}],"about":[{"href":"https:\/\/cromaoncologia.com.br\/sobre-o-cancer\/wp-json\/wp\/v2\/types\/post"}],"author":[{"embeddable":true,"href":"https:\/\/cromaoncologia.com.br\/sobre-o-cancer\/wp-json\/wp\/v2\/users\/8"}],"replies":[{"embeddable":true,"href":"https:\/\/cromaoncologia.com.br\/sobre-o-cancer\/wp-json\/wp\/v2\/comments?post=216"}],"version-history":[{"count":3,"href":"https:\/\/cromaoncologia.com.br\/sobre-o-cancer\/wp-json\/wp\/v2\/posts\/216\/revisions"}],"predecessor-version":[{"id":432,"href":"https:\/\/cromaoncologia.com.br\/sobre-o-cancer\/wp-json\/wp\/v2\/posts\/216\/revisions\/432"}],"wp:featuredmedia":[{"embeddable":true,"href":"https:\/\/cromaoncologia.com.br\/sobre-o-cancer\/wp-json\/wp\/v2\/media\/217"}],"wp:attachment":[{"href":"https:\/\/cromaoncologia.com.br\/sobre-o-cancer\/wp-json\/wp\/v2\/media?parent=216"}],"wp:term":[{"taxonomy":"category","embeddable":true,"href":"https:\/\/cromaoncologia.com.br\/sobre-o-cancer\/wp-json\/wp\/v2\/categories?post=216"},{"taxonomy":"post_tag","embeddable":true,"href":"https:\/\/cromaoncologia.com.br\/sobre-o-cancer\/wp-json\/wp\/v2\/tags?post=216"}],"curies":[{"name":"wp","href":"https:\/\/api.w.org\/{rel}","templated":true}]}}