{"id":221,"date":"2025-09-11T16:16:44","date_gmt":"2025-09-11T19:16:44","guid":{"rendered":"https:\/\/cromaoncologia.com.br\/sobre-o-cancer\/?p=221"},"modified":"2026-04-13T23:42:02","modified_gmt":"2026-04-14T02:42:02","slug":"o-que-e-sarcoma","status":"publish","type":"post","link":"https:\/\/cromaoncologia.com.br\/sobre-o-cancer\/o-que-e-sarcoma\/","title":{"rendered":"O que \u00e9 sarcoma e quando se preocupar"},"content":{"rendered":"<div id=\"attachment_222\" style=\"width: 1034px\" class=\"wp-caption aligncenter\"><img fetchpriority=\"high\" decoding=\"async\" aria-describedby=\"caption-attachment-222\" class=\"wp-image-222 size-large\" src=\"https:\/\/cromaoncologia.com.br\/sobre-o-cancer\/wp-content\/uploads\/2025\/08\/iStock-2197708857-1024x540.jpg\" alt=\"Entenda o que \u00e9 sarcoma e sua rela\u00e7\u00e3o com o c\u00e2ncer\" width=\"1024\" height=\"540\" srcset=\"https:\/\/cromaoncologia.com.br\/sobre-o-cancer\/wp-content\/uploads\/2025\/08\/iStock-2197708857-1024x540.jpg 1024w, https:\/\/cromaoncologia.com.br\/sobre-o-cancer\/wp-content\/uploads\/2025\/08\/iStock-2197708857-300x158.jpg 300w, https:\/\/cromaoncologia.com.br\/sobre-o-cancer\/wp-content\/uploads\/2025\/08\/iStock-2197708857-768x405.jpg 768w, https:\/\/cromaoncologia.com.br\/sobre-o-cancer\/wp-content\/uploads\/2025\/08\/iStock-2197708857.jpg 1411w\" sizes=\"(max-width: 1024px) 100vw, 1024px\" \/><p id=\"caption-attachment-222\" class=\"wp-caption-text\">Entenda o que \u00e9 sarcoma e sua rela\u00e7\u00e3o com o c\u00e2ncer<\/p><\/div>\n<p><i><span style=\"font-weight: 400;\">\u201cNo come\u00e7o era s\u00f3 um inc\u00f4modo discreto na perna. Depois, um incha\u00e7o que insistia em permanecer. Foi quando ela decidiu procurar um especialista. O diagn\u00f3stico veio com uma palavra pouco conhecida: <\/span><\/i><b><i>sarcoma<\/i><\/b><i><span style=\"font-weight: 400;\">.\u201d<\/span><\/i><\/p>\n<p><span style=\"font-weight: 400;\">Casos assim revelam um ponto importante: mesmo tumores raros, como o sarcoma, precisam ser abordados. E compreendidos.<\/span><\/p>\n<p><span style=\"font-weight: 400;\">Os <\/span><b>sarcomas de partes moles representam <\/b><a href=\"https:\/\/rbc.inca.gov.br\/index.php\/revista\/article\/download\/1786\/1069\/13301\"><b>apenas de 1% a 2%<\/b><\/a><b> de todos os tumores malignos s\u00f3lidos<\/b><span style=\"font-weight: 400;\">. Justamente por isso, costumam ser pouco comentados, e muitas vezes, diagnosticados mais tardiamente.<\/span><\/p>\n<p><span style=\"font-weight: 400;\">Neste conte\u00fado, voc\u00ea vai entender o que \u00e9 o sarcoma, conhecer seus principais tipos e identificar quando \u00e9 importante buscar orienta\u00e7\u00e3o m\u00e9dica.<\/span><\/p>\n<p><b>O que \u00e9 sarcoma?<\/b><\/p>\n<p><span style=\"font-weight: 400;\">O sarcoma \u00e9 um <\/span><span style=\"font-weight: 400;\">tipo de tumor<\/span><span style=\"font-weight: 400;\"> que se forma nos <\/span><b>tecidos conjuntivos<\/b><span style=\"font-weight: 400;\">, como m\u00fasculos, ossos, cartilagens, vasos sangu\u00edneos e gordura. \u00c9 diferente dos carcinomas, que t\u00eam origem em tecidos epiteliais (como pele e mucosas).<\/span><\/p>\n<p><span style=\"font-weight: 400;\">Por isso, o sarcoma pode aparecer em qualquer parte do corpo, desde os membros at\u00e9 estruturas mais profundas.<\/span><\/p>\n<p><span style=\"font-weight: 400;\">Esse tipo de c\u00e2ncer \u00e9 raro, mas pode atingir pessoas de diferentes idades, inclusive crian\u00e7as e jovens, dependendo do subtipo.<\/span><\/p>\n<p><span style=\"font-weight: 400;\">Os sarcomas s\u00e3o divididos em dois grandes grupos:<\/span><\/p>\n<ul>\n<li style=\"font-weight: 400;\" aria-level=\"1\"><b>Sarcomas \u00f3sseos<\/b><span style=\"font-weight: 400;\">, como o osteossarcoma e o sarcoma de Ewing<\/span><\/li>\n<li style=\"font-weight: 400;\" aria-level=\"1\"><b>Sarcomas de partes moles<\/b><span style=\"font-weight: 400;\">, que podem acometer m\u00fasculos, gordura, nervos, tend\u00f5es, entre outros<\/span><\/li>\n<\/ul>\n<p><span style=\"font-weight: 400;\">O desenvolvimento do sarcoma acontece quando h\u00e1 muta\u00e7\u00f5es gen\u00e9ticas nas c\u00e9lulas desses tecidos, fazendo com que elas cres\u00e7am de forma desordenada.\u00a0<\/span><\/p>\n<p><span style=\"font-weight: 400;\">Em alguns casos, os sintomas s\u00e3o silenciosos no in\u00edcio \u2014 como um caro\u00e7o indolor que cresce lentamente \u2014 e, por isso, \u00e9 importante estar atento a qualquer altera\u00e7\u00e3o incomum.<\/span><\/p>\n<h2><b>Quais s\u00e3o os tipos de sarcoma?<\/b><\/h2>\n<p><span style=\"font-weight: 400;\">Os sarcomas s\u00e3o divididos em diferentes tipos, de acordo com o tecido onde se originam.\u00a0<\/span><\/p>\n<p><span style=\"font-weight: 400;\">Alguns s\u00e3o mais frequentes em adultos, outros em crian\u00e7as e adolescentes.\u00a0<\/span><\/p>\n<p><span style=\"font-weight: 400;\">Por isso, conhecer suas particularidades pode ajudar no reconhecimento precoce e nas decis\u00f5es sobre o tratamento. Confira abaixo!<\/span><\/p>\n<h3><b>Sarcoma sinovial<\/b><\/h3>\n<div id=\"attachment_223\" style=\"width: 345px\" class=\"wp-caption aligncenter\"><img decoding=\"async\" aria-describedby=\"caption-attachment-223\" class=\"wp-image-223 size-full\" src=\"https:\/\/cromaoncologia.com.br\/sobre-o-cancer\/wp-content\/uploads\/2025\/08\/C36D127A-1F77-4B8D-A91B-BBE6D04FC274_4_5005_c.jpeg\" alt=\"Sarcoma sinovial fotos - representa\u00e7\u00e3o visual\" width=\"335\" height=\"338\" srcset=\"https:\/\/cromaoncologia.com.br\/sobre-o-cancer\/wp-content\/uploads\/2025\/08\/C36D127A-1F77-4B8D-A91B-BBE6D04FC274_4_5005_c.jpeg 335w, https:\/\/cromaoncologia.com.br\/sobre-o-cancer\/wp-content\/uploads\/2025\/08\/C36D127A-1F77-4B8D-A91B-BBE6D04FC274_4_5005_c-297x300.jpeg 297w, https:\/\/cromaoncologia.com.br\/sobre-o-cancer\/wp-content\/uploads\/2025\/08\/C36D127A-1F77-4B8D-A91B-BBE6D04FC274_4_5005_c-150x150.jpeg 150w\" sizes=\"(max-width: 335px) 100vw, 335px\" \/><p id=\"caption-attachment-223\" class=\"wp-caption-text\">Sarcoma sinovial fotos &#8211; representa\u00e7\u00e3o visual<\/p><\/div>\n\n<p><span style=\"font-weight: 400;\">Apesar do nome, o sarcoma sinovial nem sempre surge nas articula\u00e7\u00f5es. Ele costuma aparecer nos tecidos moles pr\u00f3ximos a tend\u00f5es e m\u00fasculos, especialmente nos bra\u00e7os, pernas e, com menor frequ\u00eancia, no tronco.<\/span><\/p>\n<p><span style=\"font-weight: 400;\">Esse tipo \u00e9 mais comum em adultos jovens e pode se desenvolver lentamente, o que faz com que, muitas vezes, seja confundido com les\u00f5es benignas.\u00a0<\/span><\/p>\n<p><span style=\"font-weight: 400;\">Por isso, n\u00f3dulos persistentes devem ser sempre avaliados por especialistas.<\/span><\/p>\n<p><span style=\"font-weight: 400;\">Segundo a<\/span><a href=\"https:\/\/rbc.inca.gov.br\/index.php\/revista\/article\/download\/1142\/723\/9227\"> <span style=\"font-weight: 400;\">Revista Brasileira de Cancerologia<\/span><\/a><span style=\"font-weight: 400;\">, o sarcoma sinovial representa um percentual relevante entre os sarcomas de partes moles, com comportamento agressivo e necessidade de acompanhamento cont\u00ednuo.<\/span><\/p>\n<h3><b>Sarcoma de Kaposi<\/b><\/h3>\n<div id=\"attachment_224\" style=\"width: 271px\" class=\"wp-caption aligncenter\"><img decoding=\"async\" aria-describedby=\"caption-attachment-224\" class=\"wp-image-224 size-full\" src=\"https:\/\/cromaoncologia.com.br\/sobre-o-cancer\/wp-content\/uploads\/2025\/08\/697DEB26-1FF9-41DA-8A5B-F2AB54F38F05_4_5005_c.jpeg\" alt=\"Sarcoma de Kaposi fotos - representa\u00e7\u00e3o visual\" width=\"261\" height=\"400\" srcset=\"https:\/\/cromaoncologia.com.br\/sobre-o-cancer\/wp-content\/uploads\/2025\/08\/697DEB26-1FF9-41DA-8A5B-F2AB54F38F05_4_5005_c.jpeg 261w, https:\/\/cromaoncologia.com.br\/sobre-o-cancer\/wp-content\/uploads\/2025\/08\/697DEB26-1FF9-41DA-8A5B-F2AB54F38F05_4_5005_c-196x300.jpeg 196w\" sizes=\"(max-width: 261px) 100vw, 261px\" \/><p id=\"caption-attachment-224\" class=\"wp-caption-text\">Sarcoma de Kaposi fotos &#8211; representa\u00e7\u00e3o visual<\/p><\/div>\n\n<p><span style=\"font-weight: 400;\">O sarcoma de Kaposi tem rela\u00e7\u00e3o direta com a imunidade do organismo. Por isso, \u00e9 mais comum em pessoas que convivem com o HIV ou que fazem uso prolongado de medicamentos imunossupressores, como ap\u00f3s um transplante.<\/span><\/p>\n<p><span style=\"font-weight: 400;\">Em geral, ele pode se manifestar com manchas ou les\u00f5es arroxeadas na pele, principalmente nos p\u00e9s e pernas. No entanto, em alguns casos, pode tamb\u00e9m atingir \u00f3rg\u00e3os internos, exigindo aten\u00e7\u00e3o ampliada.<\/span><\/p>\n<p><span style=\"font-weight: 400;\">A forma de apresenta\u00e7\u00e3o varia conforme o sistema imune da pessoa.\u00a0<\/span><\/p>\n<p><span style=\"font-weight: 400;\">Sendo assim, \u00e9 essencial que o acompanhamento seja feito por uma equipe multidisciplinar, que considere n\u00e3o apenas o tipo de sarcoma, mas tamb\u00e9m as condi\u00e7\u00f5es cl\u00ednicas associadas.<\/span><\/p>\n<h3><b>Sarcoma de Ewing<\/b><\/h3>\n<div id=\"attachment_225\" style=\"width: 274px\" class=\"wp-caption aligncenter\"><img loading=\"lazy\" decoding=\"async\" aria-describedby=\"caption-attachment-225\" class=\"wp-image-225 size-full\" src=\"https:\/\/cromaoncologia.com.br\/sobre-o-cancer\/wp-content\/uploads\/2025\/08\/1B06991E-11B8-45D8-9925-496D71435108_4_5005_c.jpeg\" alt=\"Sarcoma de Ewing fotos - representa\u00e7\u00e3o visual\" width=\"264\" height=\"390\" srcset=\"https:\/\/cromaoncologia.com.br\/sobre-o-cancer\/wp-content\/uploads\/2025\/08\/1B06991E-11B8-45D8-9925-496D71435108_4_5005_c.jpeg 264w, https:\/\/cromaoncologia.com.br\/sobre-o-cancer\/wp-content\/uploads\/2025\/08\/1B06991E-11B8-45D8-9925-496D71435108_4_5005_c-203x300.jpeg 203w\" sizes=\"(max-width: 264px) 100vw, 264px\" \/><p id=\"caption-attachment-225\" class=\"wp-caption-text\">Sarcoma de Ewing fotos &#8211; representa\u00e7\u00e3o visual<\/p><\/div>\n<p><span style=\"font-weight: 400;\">Entre os sarcomas \u00f3sseos, o sarcoma de Ewing \u00e9 um dos mais relevantes em crian\u00e7as e adolescentes.\u00a0<\/span><\/p>\n<p><span style=\"font-weight: 400;\">Embora seja mais raro, ele exige aten\u00e7\u00e3o justamente por acometer uma faixa et\u00e1ria jovem.<\/span><\/p>\n<p><span style=\"font-weight: 400;\">Esse tipo de tumor costuma atingir ossos como pelve, costelas, f\u00eamur ou \u00famero. No entanto, tamb\u00e9m pode se desenvolver em partes moles do corpo, o que demanda avalia\u00e7\u00e3o cuidadosa.<\/span><\/p>\n<p><span style=\"font-weight: 400;\">Al\u00e9m disso, ele pode causar dor \u00f3ssea persistente, incha\u00e7o e, em alguns casos, febre e fadiga.<\/span><\/p>\n<p><span style=\"font-weight: 400;\">O <\/span><a href=\"https:\/\/ninho.inca.gov.br\/jspui\/handle\/123456789\/15632\"><span style=\"font-weight: 400;\">tratamento do sarcoma de Ewing<\/span><\/a><span style=\"font-weight: 400;\"> geralmente inclui quimioterapia, cirurgia e\/ou radioterapia, com acompanhamento cont\u00ednuo.<\/span><\/p>\n<h2><b>Como saber se \u00e9 um tipo de tumor maligno?<\/b><\/h2>\n<p><span style=\"font-weight: 400;\">Muitas pessoas se perguntam como diferenciar um tumor benigno de um tumor maligno, especialmente quando sintomas como dor, incha\u00e7o ou presen\u00e7a de n\u00f3dulos surgem de forma inesperada.<\/span><\/p>\n<p><span style=\"font-weight: 400;\">Portanto, \u00e9 importante entender que apenas exames cl\u00ednicos, laboratoriais e de imagem \u2014<\/span><b> como resson\u00e2ncia magn\u00e9tica, tomografia e bi\u00f3psia <\/b><span style=\"font-weight: 400;\">\u2014 conseguem confirmar com precis\u00e3o o tipo e a natureza do tumor.<\/span><\/p>\n<p><span style=\"font-weight: 400;\">No caso dos sarcomas, que podem se desenvolver tanto em ossos quanto em partes moles do corpo, a avalia\u00e7\u00e3o precoce por especialistas em oncologia \u00e9 essencial para estabelecer um diagn\u00f3stico seguro.<\/span><\/p>\n<p><span style=\"font-weight: 400;\">Segundo o<\/span><a href=\"https:\/\/www.gov.br\/inca\/pt-br\/assuntos\/cancer\/o-que-e-cancer\"> <span style=\"font-weight: 400;\">Instituto Nacional de C\u00e2ncer (INCA)<\/span><\/a><span style=\"font-weight: 400;\">, os tumores malignos apresentam um crescimento desordenado das c\u00e9lulas, com potencial de invas\u00e3o de tecidos vizinhos e possibilidade de met\u00e1stase \u2014 ou seja, de se espalharem para outras regi\u00f5es do corpo.<\/span><\/p>\n<p><b>Alguns sinais de alerta que merecem investiga\u00e7\u00e3o m\u00e9dica incluem:<\/b><\/p>\n<ul>\n<li style=\"font-weight: 400;\" aria-level=\"1\"><span style=\"font-weight: 400;\">N\u00f3dulos que crescem rapidamente ou mudam de forma<\/span><\/li>\n<li style=\"font-weight: 400;\" aria-level=\"1\"><span style=\"font-weight: 400;\">Dor persistente, especialmente em membros ou articula\u00e7\u00f5es<\/span><\/li>\n<li style=\"font-weight: 400;\" aria-level=\"1\"><span style=\"font-weight: 400;\">Incha\u00e7os que n\u00e3o desaparecem com o tempo<\/span><\/li>\n<li style=\"font-weight: 400;\" aria-level=\"1\"><span style=\"font-weight: 400;\">Fraqueza, cansa\u00e7o e perda de peso sem causa aparente<\/span><\/li>\n<\/ul>\n<p><span style=\"font-weight: 400;\">Por isso, ao perceber altera\u00e7\u00f5es no corpo, procure atendimento especializado.\u00a0<\/span><\/p>\n<p><span style=\"font-weight: 400;\">Quanto antes a origem do sintoma for identificada, mais claras e cuidadosas podem ser as escolhas em rela\u00e7\u00e3o ao acompanhamento ou tratamento.<\/span><\/p>\n<h2><b>Como evitar o c\u00e2ncer?<\/b><\/h2>\n<div id=\"attachment_226\" style=\"width: 1034px\" class=\"wp-caption aligncenter\"><img loading=\"lazy\" decoding=\"async\" aria-describedby=\"caption-attachment-226\" class=\"wp-image-226 size-large\" src=\"https:\/\/cromaoncologia.com.br\/sobre-o-cancer\/wp-content\/uploads\/2025\/08\/iStock-1592210966-1024x642.jpg\" alt=\"Como evitar o c\u00e2ncer?\" width=\"1024\" height=\"642\" srcset=\"https:\/\/cromaoncologia.com.br\/sobre-o-cancer\/wp-content\/uploads\/2025\/08\/iStock-1592210966-1024x642.jpg 1024w, https:\/\/cromaoncologia.com.br\/sobre-o-cancer\/wp-content\/uploads\/2025\/08\/iStock-1592210966-300x188.jpg 300w, https:\/\/cromaoncologia.com.br\/sobre-o-cancer\/wp-content\/uploads\/2025\/08\/iStock-1592210966-768x482.jpg 768w, https:\/\/cromaoncologia.com.br\/sobre-o-cancer\/wp-content\/uploads\/2025\/08\/iStock-1592210966.jpg 1293w\" sizes=\"(max-width: 1024px) 100vw, 1024px\" \/><p id=\"caption-attachment-226\" class=\"wp-caption-text\">Como evitar o c\u00e2ncer?<\/p><\/div>\n<p><span style=\"font-weight: 400;\">Falar sobre preven\u00e7\u00e3o do c\u00e2ncer \u00e9, acima de tudo, falar sobre escolhas cotidianas que influenciam diretamente a sa\u00fade.\u00a0<\/span><\/p>\n<p><span style=\"font-weight: 400;\">Embora nem todos os casos possam ser evitados, diversos h\u00e1bitos est\u00e3o associados \u00e0 redu\u00e7\u00e3o do risco de desenvolvimento de tumores \u2014 inclusive os sarcomas.<\/span><\/p>\n<p><span style=\"font-weight: 400;\">At\u00e9<\/span><a href=\"https:\/\/www.saude.df.gov.br\/web\/guest\/w\/cuidados-podem-reduzir-em-ate-30-a-incidencia-de-cancer\"><span style=\"font-weight: 400;\"> 30% dos casos <\/span><\/a><span style=\"font-weight: 400;\">de c\u00e2ncer podem ser prevenidos com atitudes simples, especialmente quando adotadas desde cedo.<\/span><\/p>\n<p><span style=\"font-weight: 400;\">Sendo assim, entender os fatores que podem ser modificados e priorizar o acompanhamento m\u00e9dico s\u00e3o formas pr\u00e1ticas e cuidadosas de estar atento ao corpo e \u00e0 sa\u00fade como um todo.<\/span><\/p>\n<h3><b>Diagn\u00f3stico precoce<\/b><\/h3>\n<p><span style=\"font-weight: 400;\">Al\u00e9m da preven\u00e7\u00e3o, estar em dia com exames e consultas regulares permite identificar altera\u00e7\u00f5es em est\u00e1gios iniciais, o que amplia as possibilidades de cuidado e tratamento.<\/span><\/p>\n<p><span style=\"font-weight: 400;\">O diagn\u00f3stico precoce \u00e9 especialmente relevante quando falamos de sarcomas, que podem surgir em locais pouco vis\u00edveis e evoluir de forma silenciosa.<\/span><\/p>\n<p><span style=\"font-weight: 400;\">Entre as medidas mais importantes est\u00e3o:<\/span><\/p>\n<ul>\n<li style=\"font-weight: 400;\" aria-level=\"1\"><b>Procurar avalia\u00e7\u00e3o m\u00e9dica diante de qualquer n\u00f3dulo, dor persistente ou incha\u00e7o incomum<\/b><b><br \/>\n<\/b><span style=\"font-weight: 400;\">Mesmo que pare\u00e7am pequenos ou sem dor, sintomas persistentes devem ser investigados.<\/span><\/li>\n<li style=\"font-weight: 400;\" aria-level=\"1\"><b>Manter consultas peri\u00f3dicas com especialistas<\/b><b><br \/>\n<\/b><span style=\"font-weight: 400;\">O acompanhamento regular com profissionais da sa\u00fade permite uma avalia\u00e7\u00e3o mais ampla e cuidadosa, inclusive sobre o hist\u00f3rico familiar e fatores de risco.<\/span><\/li>\n<li style=\"font-weight: 400;\" aria-level=\"1\"><b>Realizar exames conforme a orienta\u00e7\u00e3o m\u00e9dica<\/b><b><br \/>\n<\/b><span style=\"font-weight: 400;\">Bi\u00f3psias, exames de imagem e avalia\u00e7\u00f5es cl\u00ednicas espec\u00edficas podem ser solicitados conforme os sintomas, idade e perfil do paciente.<\/span><\/li>\n<\/ul>\n<p><span style=\"font-weight: 400;\">Por isso, fique atento ao seu corpo, observe altera\u00e7\u00f5es e, diante de d\u00favidas, busque apoio especializado.\u00a0<\/span><\/p>\n<h3><b>Fatores preventivos<\/b><\/h3>\n<p><span style=\"font-weight: 400;\">Embora os <\/span><b>sarcomas<\/b><span style=\"font-weight: 400;\"> ainda n\u00e3o tenham fatores de risco t\u00e3o bem estabelecidos como os carcinomas, algumas atitudes podem contribuir para a sa\u00fade e favorecer um ambiente corporal mais equilibrado:<\/span><\/p>\n<ul>\n<li style=\"font-weight: 400;\" aria-level=\"1\"><b>Alimenta\u00e7\u00e3o equilibrada<\/b><span style=\"font-weight: 400;\">, com menos ultraprocessados e mais alimentos naturais.<\/span><\/li>\n<li style=\"font-weight: 400;\" aria-level=\"1\"><b>Atividade f\u00edsica regular<\/b><span style=\"font-weight: 400;\">, que ajuda a manter o corpo ativo e o sistema imune mais preparado.<\/span><\/li>\n<li style=\"font-weight: 400;\" aria-level=\"1\"><b>Evitar o consumo excessivo de \u00e1lcool e cigarro<\/b><span style=\"font-weight: 400;\">, pois est\u00e3o ligados a diversos tipos de c\u00e2ncer.<\/span><\/li>\n<li style=\"font-weight: 400;\" aria-level=\"1\"><b>Vacina\u00e7\u00e3o contra o HPV e hepatite B<\/b><span style=\"font-weight: 400;\">, que contribui para prevenir infec\u00e7\u00f5es com potencial oncog\u00eanico.<\/span><\/li>\n<li style=\"font-weight: 400;\" aria-level=\"1\"><b>Cuidados com a pele e prote\u00e7\u00e3o solar<\/b><span style=\"font-weight: 400;\">, especialmente em hor\u00e1rios de maior incid\u00eancia de radia\u00e7\u00e3o.<\/span><\/li>\n<li style=\"font-weight: 400;\" aria-level=\"1\"><b>Aten\u00e7\u00e3o ao uso de produtos qu\u00edmicos<\/b><span style=\"font-weight: 400;\">, com uso de EPIs em ambientes com risco ocupacional.<\/span><\/li>\n<\/ul>\n<p><span style=\"font-weight: 400;\">Essas pr\u00e1ticas s\u00e3o parte de um cuidado cont\u00ednuo com o corpo, mesmo quando n\u00e3o h\u00e1 rastreamento espec\u00edfico para certos tipos de tumor, como \u00e9 o caso dos sarcomas.\u00a0<\/span><\/p>\n<p><span style=\"font-weight: 400;\">Manter h\u00e1bitos saud\u00e1veis \u00e9 um passo importante para fortalecer o organismo e ampliar sua capacidade de resposta frente a poss\u00edveis altera\u00e7\u00f5es.<\/span><\/p>\n<p><span style=\"font-weight: 400;\">O cuidado com a sa\u00fade come\u00e7a no cotidiano e se fortalece com informa\u00e7\u00e3o, aten\u00e7\u00e3o profissional e um acompanhamento coordenado \u2014 <\/span><b>como o que a Croma Oncologia oferece, sempre com foco em cada etapa do cuidado oncol\u00f3gico.<\/b><\/p>\n\n<h2><b>Conclus\u00e3o<\/b><\/h2>\n<p><span style=\"font-weight: 400;\">Compreender o que \u00e9 o sarcoma e seus diferentes tipos \u00e9 um passo importante para desmistificar esse diagn\u00f3stico e apoiar decis\u00f5es conscientes sobre o cuidado com a sa\u00fade.<\/span><\/p>\n<p><span style=\"font-weight: 400;\">Embora seja uma condi\u00e7\u00e3o rara, o sarcoma precisa de aten\u00e7\u00e3o especializada, acolhimento e acompanhamento cont\u00ednuo.\u00a0<\/span><\/p>\n<p><span style=\"font-weight: 400;\">A informa\u00e7\u00e3o correta, junto de uma rede de profissionais preparados, pode transformar o modo como enfrentamos o c\u00e2ncer, respeitando a hist\u00f3ria e o momento de cada pessoa.<\/span><\/p>\n<p><span style=\"font-weight: 400;\">Por fim, procure estar em dia com os exames recomendados.\u00a0<\/span><\/p>\n<p><b>Observe seu corpo com carinho. E, diante de qualquer d\u00favida, busque orienta\u00e7\u00e3o com especialistas em oncologia.<\/b><\/p>\n<p><span style=\"font-weight: 400;\">Na <\/span><a href=\"https:\/\/cromaoncologia.com.br\/institucional\/\"><span style=\"font-weight: 400;\">Croma Oncologia<\/span><\/a><span style=\"font-weight: 400;\">, acreditamos que o cuidado come\u00e7a com escuta e presen\u00e7a. Nossa linha de cuidado \u00e9 estruturada para oferecer um acompanhamento coordenado e claro, sempre com foco no bem-estar f\u00edsico e emocional.<\/span><\/p>\n<p><b>Se voc\u00ea ou algu\u00e9m pr\u00f3ximo est\u00e1 em busca de um cuidado oncol\u00f3gico humanizado e pr\u00f3ximo, conhe\u00e7a o trabalho da Croma.<\/b><\/p>\n\n<p><b>Refer\u00eancias<\/b><\/p>\n<ul>\n<li style=\"font-weight: 400;\" aria-level=\"1\"><span style=\"font-weight: 400;\">Instituto Nacional de C\u00e2ncer (INCA) \u2013 <\/span><i><span style=\"font-weight: 400;\">Sarcomas de partes moles: epidemiologia, diagn\u00f3stico e tratamento<\/span><\/i><span style=\"font-weight: 400;\">.<\/span><span style=\"font-weight: 400;\"><br \/>\n<\/span><a href=\"https:\/\/rbc.inca.gov.br\/index.php\/revista\/article\/download\/1786\/1069\/13301\"> <span style=\"font-weight: 400;\">https:\/\/rbc.inca.gov.br\/index.php\/revista\/article\/download\/1786\/1069\/13301<\/span><\/a><\/li>\n<li style=\"font-weight: 400;\" aria-level=\"1\"><span style=\"font-weight: 400;\">Instituto Nacional de C\u00e2ncer (INCA) \u2013 <\/span><i><span style=\"font-weight: 400;\">Sarcoma de Ewing: diagn\u00f3stico, tratamento e sobrevida em pacientes do INCA<\/span><\/i><span style=\"font-weight: 400;\">.<\/span><span style=\"font-weight: 400;\"><br \/>\n<\/span><a href=\"https:\/\/ninho.inca.gov.br\/jspui\/handle\/123456789\/15632\"> <span style=\"font-weight: 400;\">https:\/\/ninho.inca.gov.br\/jspui\/handle\/123456789\/15632<\/span><\/a><\/li>\n<li style=\"font-weight: 400;\" aria-level=\"1\"><span style=\"font-weight: 400;\">Instituto Nacional de C\u00e2ncer (INCA) \u2013 <\/span><i><span style=\"font-weight: 400;\">Sarcoma de Kaposi: aspectos cl\u00ednicos e terap\u00eauticos em pessoas vivendo com HIV\/AIDS<\/span><\/i><span style=\"font-weight: 400;\">.<\/span><span style=\"font-weight: 400;\"><br \/>\n<\/span><a href=\"https:\/\/rbc.inca.gov.br\/index.php\/revista\/article\/download\/1142\/723\/9227\"> <span style=\"font-weight: 400;\">https:\/\/rbc.inca.gov.br\/index.php\/revista\/article\/download\/1142\/723\/9227<\/span><\/a><\/li>\n<li style=\"font-weight: 400;\" aria-level=\"1\"><span style=\"font-weight: 400;\">Instituto Nacional de C\u00e2ncer (INCA) \u2013 <\/span><i><span style=\"font-weight: 400;\">O que \u00e9 c\u00e2ncer<\/span><\/i><span style=\"font-weight: 400;\">.<\/span><span style=\"font-weight: 400;\"><br \/>\n<\/span><a href=\"https:\/\/www.gov.br\/inca\/pt-br\/assuntos\/cancer\/o-que-e-cancer\"> <span style=\"font-weight: 400;\">https:\/\/www.gov.br\/inca\/pt-br\/assuntos\/cancer\/o-que-e-cancer<\/span><\/a><\/li>\n<li style=\"font-weight: 400;\" aria-level=\"1\"><span style=\"font-weight: 400;\">Secretaria de Sa\u00fade do Distrito Federal \u2013 <\/span><i><span style=\"font-weight: 400;\">Cuidados podem reduzir em at\u00e9 30% a incid\u00eancia de c\u00e2ncer<\/span><\/i><span style=\"font-weight: 400;\">.<\/span><span style=\"font-weight: 400;\"><br \/>\n<\/span><a href=\"https:\/\/www.saude.df.gov.br\/web\/guest\/w\/cuidados-podem-reduzir-em-ate-30-a-incidencia-de-cancer\"> <span style=\"font-weight: 400;\">https:\/\/www.saude.df.gov.br\/web\/guest\/w\/cuidados-podem-reduzir-em-ate-30-a-incidencia-de-cancer<\/span><\/a><\/li>\n<\/ul>\n\n","protected":false},"excerpt":{"rendered":"<p>\u201cNo come\u00e7o era s\u00f3 um inc\u00f4modo discreto na perna. Depois, um incha\u00e7o que insistia em permanecer. Foi quando ela decidiu procurar um especialista. O diagn\u00f3stico veio com uma palavra pouco conhecida: sarcoma.\u201d Casos assim revelam um ponto importante: mesmo tumores raros, como o sarcoma, precisam ser abordados. E compreendidos. Os sarcomas de partes moles representam [&hellip;]<\/p>\n","protected":false},"author":8,"featured_media":222,"comment_status":"open","ping_status":"open","sticky":false,"template":"","format":"standard","meta":{"_acf_changed":false,"om_disable_all_campaigns":false,"_monsterinsights_skip_tracking":false,"_monsterinsights_sitenote_active":false,"_monsterinsights_sitenote_note":"","_monsterinsights_sitenote_category":0,"footnotes":""},"categories":[13],"tags":[25],"class_list":["post-221","post","type-post","status-publish","format-standard","has-post-thumbnail","hentry","category-tipos-de-cancer","tag-sarcoma"],"acf":[],"aioseo_notices":[],"_links":{"self":[{"href":"https:\/\/cromaoncologia.com.br\/sobre-o-cancer\/wp-json\/wp\/v2\/posts\/221","targetHints":{"allow":["GET"]}}],"collection":[{"href":"https:\/\/cromaoncologia.com.br\/sobre-o-cancer\/wp-json\/wp\/v2\/posts"}],"about":[{"href":"https:\/\/cromaoncologia.com.br\/sobre-o-cancer\/wp-json\/wp\/v2\/types\/post"}],"author":[{"embeddable":true,"href":"https:\/\/cromaoncologia.com.br\/sobre-o-cancer\/wp-json\/wp\/v2\/users\/8"}],"replies":[{"embeddable":true,"href":"https:\/\/cromaoncologia.com.br\/sobre-o-cancer\/wp-json\/wp\/v2\/comments?post=221"}],"version-history":[{"count":3,"href":"https:\/\/cromaoncologia.com.br\/sobre-o-cancer\/wp-json\/wp\/v2\/posts\/221\/revisions"}],"predecessor-version":[{"id":433,"href":"https:\/\/cromaoncologia.com.br\/sobre-o-cancer\/wp-json\/wp\/v2\/posts\/221\/revisions\/433"}],"wp:featuredmedia":[{"embeddable":true,"href":"https:\/\/cromaoncologia.com.br\/sobre-o-cancer\/wp-json\/wp\/v2\/media\/222"}],"wp:attachment":[{"href":"https:\/\/cromaoncologia.com.br\/sobre-o-cancer\/wp-json\/wp\/v2\/media?parent=221"}],"wp:term":[{"taxonomy":"category","embeddable":true,"href":"https:\/\/cromaoncologia.com.br\/sobre-o-cancer\/wp-json\/wp\/v2\/categories?post=221"},{"taxonomy":"post_tag","embeddable":true,"href":"https:\/\/cromaoncologia.com.br\/sobre-o-cancer\/wp-json\/wp\/v2\/tags?post=221"}],"curies":[{"name":"wp","href":"https:\/\/api.w.org\/{rel}","templated":true}]}}