{"id":263,"date":"2025-11-04T14:23:05","date_gmt":"2025-11-04T17:23:05","guid":{"rendered":"https:\/\/cromaoncologia.com.br\/sobre-o-cancer\/?p=263"},"modified":"2026-04-13T23:37:23","modified_gmt":"2026-04-14T02:37:23","slug":"novembro-azul-mais-dialogo-menos-tabu","status":"publish","type":"post","link":"https:\/\/cromaoncologia.com.br\/sobre-o-cancer\/novembro-azul-mais-dialogo-menos-tabu\/","title":{"rendered":"Novembro Azul: mais di\u00e1logo, menos tabu"},"content":{"rendered":"<p><span style=\"font-weight: 400;\"><img fetchpriority=\"high\" decoding=\"async\" class=\"alignnone wp-image-291\" src=\"https:\/\/cromaoncologia.com.br\/sobre-o-cancer\/wp-content\/uploads\/2025\/11\/39855-Artigo-Novembro-Azul-2-2-scaled.jpg\" alt=\"\" width=\"800\" height=\"479\" \/><\/span><\/p>\n<p>O movimento Novembro Azul, iniciado em 2003 na Austr\u00e1lia, ganhou for\u00e7a no Brasil como um chamado \u00e0 preven\u00e7\u00e3o e ao diagn\u00f3stico precoce das doen\u00e7as que mais afetam os homens, principalmente o c\u00e2ncer de pr\u00f3stata. <span style=\"font-weight: 400;\"><br \/>\n<\/span><span style=\"font-weight: 400;\"><br \/>\n<\/span><span style=\"font-weight: 400;\">A campanha vai al\u00e9m da doen\u00e7a, \u00e9 um lembrete da import\u00e2ncia de os homens cuidarem da sa\u00fade de forma integral, adotando h\u00e1bitos saud\u00e1veis, realizando exames preventivos regularmente e ficando atentos aos sinais do pr\u00f3prio corpo ao longo da vida.<\/span><\/p>\n<p><span style=\"font-weight: 400;\">Apesar de ser uma das principais causas de morte por c\u00e2ncer entre homens, a doen\u00e7a ainda enfrenta barreiras culturais que atrasam a detec\u00e7\u00e3o e comprometem o tratamento.<\/span><\/p>\n<h2><b>Como prevenir o c\u00e2ncer de pr\u00f3stata<\/b><\/h2>\n<p><span style=\"font-weight: 400;\">No Brasil, o c\u00e2ncer de pr\u00f3stata \u00e9 um dos principais desafios da sa\u00fade masculina.<\/span><a href=\"https:\/\/www.gov.br\/inca\/pt-br\/assuntos\/noticias\/2022\/inca-estima-704-mil-casos-de-cancer-por-ano-no-brasil-ate-2025\"> <span style=\"font-weight: 400;\">Segundo o INCA (Instituto Nacional do C\u00e2ncer)<\/span><\/a><span style=\"font-weight: 400;\">, s\u00e3o registrados cerca de 71 mil novos casos a cada ano, com quase 16 mil mortes. O risco aumenta a partir dos 50 anos, mas certos grupos precisam ficar ainda mais atentos. <\/span><span style=\"font-weight: 400;\"><br \/>\n<\/span><span style=\"font-weight: 400;\"><br \/>\n<\/span><span style=\"font-weight: 400;\">Homens com ascend\u00eancia africana, hist\u00f3rico familiar ou muta\u00e7\u00f5es gen\u00e9ticas de risco devem come\u00e7ar a conversar com o m\u00e9dico sobre exames preventivos a partir dos 45 anos.<\/span><\/p>\n<p><span style=\"font-weight: 400;\">Embora casos em homens mais jovens sejam raros, fatores como obesidade, tabagismo e sedentarismo tamb\u00e9m podem aumentar a probabilidade de desenvolver a doen\u00e7a. Por isso, adotar h\u00e1bitos saud\u00e1veis \u2014 manter o peso adequado, praticar atividades f\u00edsicas, alimentar-se de forma equilibrada e evitar o cigarro \u2014 \u00e9 uma forma eficaz de reduzir os riscos.<\/span><\/p>\n<p><span style=\"font-weight: 400;\">Mais do que preven\u00e7\u00e3o, \u00e9 preciso vencer o preconceito e a desinforma\u00e7\u00e3o que ainda afastam muitos homens do consult\u00f3rio. Portanto, estar atento aos sinais do corpo e buscar avalia\u00e7\u00e3o m\u00e9dica regular \u00e9 essencial para o diagn\u00f3stico precoce e para um cuidado cont\u00ednuo e transformador.<\/span><span style=\"font-weight: 400;\"><br \/>\n<\/span><\/p>\n<h2><b>Quais s\u00e3o os exames para detectar o c\u00e2ncer de pr\u00f3stata?<\/b><\/h2>\n<p><span style=\"font-weight: 400;\">Detectar o c\u00e2ncer de pr\u00f3stata precocemente depende de exames simples e r\u00e1pidos. O PSA \u00e9 um exame de sangue que mede uma prote\u00edna que pode indicar altera\u00e7\u00f5es na gl\u00e2ndula. J\u00e1 o toque retal permite avaliar o tamanho e a textura da pr\u00f3stata, e dura apenas cerca de sete segundos.\u00a0<\/span><\/p>\n<p><span style=\"font-weight: 400;\">Diferentemente de outros exames preventivos, n\u00e3o h\u00e1 recomenda\u00e7\u00e3o para rastreamento universal; a decis\u00e3o sobre realiz\u00e1-los deve ser compartilhada entre o paciente e o m\u00e9dico, considerando riscos, benef\u00edcios e a situa\u00e7\u00e3o individual.<\/span><\/p>\n<p><span style=\"font-weight: 400;\">O tratamento varia conforme o est\u00e1gio da doen\u00e7a. Casos iniciais podem adotar a vigil\u00e2ncia ativa, acompanhando o tumor com exames regulares antes de interven\u00e7\u00f5es mais invasivas.<\/span><span style=\"font-weight: 400;\"><br \/>\n<\/span><span style=\"font-weight: 400;\">Quando necess\u00e1rio, o tratamento inclui cirurgia, radioterapia ou hormonioterapia, e t\u00e9cnicas minimamente invasivas, como a rob\u00f3tica, reduzem complica\u00e7\u00f5es e aceleram a recupera\u00e7\u00e3o. Quanto mais cedo o diagn\u00f3stico, menores os impactos na qualidade de vida.<\/span><\/p>\n<h2><b>Sintomas do c\u00e2ncer de pr\u00f3stata<\/b><\/h2>\n<p><span style=\"font-weight: 400;\">Na maioria dos casos, especialmente nos est\u00e1gios iniciais, o c\u00e2ncer de pr\u00f3stata n\u00e3o provoca sintomas percept\u00edveis.\u00a0<\/span><\/p>\n<p><span style=\"font-weight: 400;\">Quando surgem, os sintomas podem incluir:<\/span><\/p>\n<ul>\n<li style=\"font-weight: 400;\"><span style=\"font-weight: 400;\">Dificuldade para urinar (jato fraco ou necessidade frequente de ir ao banheiro)<\/span><\/li>\n<li style=\"font-weight: 400;\"><span style=\"font-weight: 400;\">Dor \u00f3ssea persistente<\/span><\/li>\n<li style=\"font-weight: 400;\"><span style=\"font-weight: 400;\">Perda de peso\u00a0<\/span><\/li>\n<li style=\"font-weight: 400;\"><span style=\"font-weight: 400;\">Sangue na urina<\/span><span style=\"font-weight: 400;\"><br \/>\n<\/span><\/li>\n<\/ul>\n<p><span style=\"font-weight: 400;\">Por isso, mesmo na aus\u00eancia de sintomas, manter o acompanhamento m\u00e9dico \u00e9 indispens\u00e1vel.<\/span><\/p>\n<h2><b>A import\u00e2ncia do cuidado cont\u00ednuo<\/b><\/h2>\n<p><span style=\"font-weight: 400;\">O Novembro Azul vai al\u00e9m de uma campanha anual. Ele \u00e9 um convite para transformar a percep\u00e7\u00e3o sobre a sa\u00fade masculina, quebrar tabus e incentivar o homem a assumir o protagonismo do pr\u00f3prio cuidado, com aten\u00e7\u00e3o integral e baseada em informa\u00e7\u00e3o.<\/span><\/p>\n<p><span style=\"font-weight: 400;\">O diagn\u00f3stico precoce \u00e9 apenas o primeiro passo. Por isso, o acompanhamento regular com uma equipe especializada permite avaliar o melhor momento para cada decis\u00e3o terap\u00eautica e acompanhar o bem-estar integral do paciente. <\/span><span style=\"font-weight: 400;\"><br \/>\n<\/span><span style=\"font-weight: 400;\"><br \/>\n<\/span><a href=\"https:\/\/cromaoncologia.com.br\/nossa-estrutura\/#section-highlights\"><span style=\"font-weight: 400;\">Na Croma Oncologia<\/span><\/a><span style=\"font-weight: 400;\">, cada jornada \u00e9 acompanhada de forma coordenada, humana e baseada em evid\u00eancias, garantindo que o cuidado v\u00e1 al\u00e9m do tratamento \u2014 e chegue \u00e0 transforma\u00e7\u00e3o da vida.<\/span><\/p>\n<p><span style=\"font-weight: 400;\">Dr. Rodrigo Coutinho \u00e9 m\u00e9dico oncologista da Croma Oncologia, rede de sa\u00fade especializada que apresenta um modelo in\u00e9dito de gest\u00e3o da jornada oncol\u00f3gica.\u00a0<\/span><\/p>\n","protected":false},"excerpt":{"rendered":"<p>O movimento Novembro Azul, iniciado em 2003 na Austr\u00e1lia, ganhou for\u00e7a no Brasil como um chamado \u00e0 preven\u00e7\u00e3o e ao diagn\u00f3stico precoce das doen\u00e7as que mais afetam os homens, principalmente o c\u00e2ncer de pr\u00f3stata. A campanha vai al\u00e9m da doen\u00e7a, \u00e9 um lembrete da import\u00e2ncia de os homens cuidarem da sa\u00fade de forma integral, adotando [&hellip;]<\/p>\n","protected":false},"author":8,"featured_media":286,"comment_status":"open","ping_status":"open","sticky":false,"template":"","format":"standard","meta":{"_acf_changed":false,"om_disable_all_campaigns":false,"_monsterinsights_skip_tracking":false,"_monsterinsights_sitenote_active":false,"_monsterinsights_sitenote_note":"","_monsterinsights_sitenote_category":0,"footnotes":""},"categories":[6,1,13],"tags":[21,37,36,38,39],"class_list":["post-263","post","type-post","status-publish","format-standard","has-post-thumbnail","hentry","category-prevencao","category-sem-categoria","category-tipos-de-cancer","tag-cancer-de-prostata","tag-diagnostico-precoce","tag-novembro-azul","tag-prevencao","tag-sintomas"],"acf":[],"aioseo_notices":[],"_links":{"self":[{"href":"https:\/\/cromaoncologia.com.br\/sobre-o-cancer\/wp-json\/wp\/v2\/posts\/263","targetHints":{"allow":["GET"]}}],"collection":[{"href":"https:\/\/cromaoncologia.com.br\/sobre-o-cancer\/wp-json\/wp\/v2\/posts"}],"about":[{"href":"https:\/\/cromaoncologia.com.br\/sobre-o-cancer\/wp-json\/wp\/v2\/types\/post"}],"author":[{"embeddable":true,"href":"https:\/\/cromaoncologia.com.br\/sobre-o-cancer\/wp-json\/wp\/v2\/users\/8"}],"replies":[{"embeddable":true,"href":"https:\/\/cromaoncologia.com.br\/sobre-o-cancer\/wp-json\/wp\/v2\/comments?post=263"}],"version-history":[{"count":25,"href":"https:\/\/cromaoncologia.com.br\/sobre-o-cancer\/wp-json\/wp\/v2\/posts\/263\/revisions"}],"predecessor-version":[{"id":428,"href":"https:\/\/cromaoncologia.com.br\/sobre-o-cancer\/wp-json\/wp\/v2\/posts\/263\/revisions\/428"}],"wp:featuredmedia":[{"embeddable":true,"href":"https:\/\/cromaoncologia.com.br\/sobre-o-cancer\/wp-json\/wp\/v2\/media\/286"}],"wp:attachment":[{"href":"https:\/\/cromaoncologia.com.br\/sobre-o-cancer\/wp-json\/wp\/v2\/media?parent=263"}],"wp:term":[{"taxonomy":"category","embeddable":true,"href":"https:\/\/cromaoncologia.com.br\/sobre-o-cancer\/wp-json\/wp\/v2\/categories?post=263"},{"taxonomy":"post_tag","embeddable":true,"href":"https:\/\/cromaoncologia.com.br\/sobre-o-cancer\/wp-json\/wp\/v2\/tags?post=263"}],"curies":[{"name":"wp","href":"https:\/\/api.w.org\/{rel}","templated":true}]}}