{"id":303,"date":"2025-12-01T09:09:31","date_gmt":"2025-12-01T12:09:31","guid":{"rendered":"https:\/\/cromaoncologia.com.br\/sobre-o-cancer\/?p=303"},"modified":"2026-04-13T23:33:25","modified_gmt":"2026-04-14T02:33:25","slug":"protecao-solar-alem-do-verao-entenda-o-melanoma-e-como-preveni-lo","status":"publish","type":"post","link":"https:\/\/cromaoncologia.com.br\/sobre-o-cancer\/protecao-solar-alem-do-verao-entenda-o-melanoma-e-como-preveni-lo\/","title":{"rendered":"Prote\u00e7\u00e3o Solar Al\u00e9m do Ver\u00e3o: Entenda o Melanoma e Como Preveni-lo"},"content":{"rendered":"<p><span style=\"font-weight: 400;\"><img fetchpriority=\"high\" decoding=\"async\" class=\"alignnone wp-image-307 size-large\" src=\"https:\/\/cromaoncologia.com.br\/sobre-o-cancer\/wp-content\/uploads\/2025\/12\/39897-Artigo-Melanona-2-1024x410.jpg\" alt=\"\" width=\"1024\" height=\"410\" srcset=\"https:\/\/cromaoncologia.com.br\/sobre-o-cancer\/wp-content\/uploads\/2025\/12\/39897-Artigo-Melanona-2-1024x410.jpg 1024w, https:\/\/cromaoncologia.com.br\/sobre-o-cancer\/wp-content\/uploads\/2025\/12\/39897-Artigo-Melanona-2-300x120.jpg 300w, https:\/\/cromaoncologia.com.br\/sobre-o-cancer\/wp-content\/uploads\/2025\/12\/39897-Artigo-Melanona-2-768x308.jpg 768w, https:\/\/cromaoncologia.com.br\/sobre-o-cancer\/wp-content\/uploads\/2025\/12\/39897-Artigo-Melanona-2-1536x616.jpg 1536w, https:\/\/cromaoncologia.com.br\/sobre-o-cancer\/wp-content\/uploads\/2025\/12\/39897-Artigo-Melanona-2-2048x821.jpg 2048w\" sizes=\"(max-width: 1024px) 100vw, 1024px\" \/><br \/>\nDurante o ver\u00e3o, \u00e9 natural buscar o sol, seja em momentos de lazer, viagens ou atividades ao ar livre. Mas \u00e9 justamente nesse per\u00edodo que cresce o alerta para um tema essencial: o c\u00e2ncer de pele.\u00a0<\/span><\/p>\n<p><span style=\"font-weight: 400;\">O c\u00e2ncer de pele \u00e9 o tipo mais comum no Brasil,<\/span><a href=\"https:\/\/www.gov.br\/inca\/pt-br\/assuntos\/cancer\/tipos\/pele-melanoma\"><span style=\"font-weight: 400;\"> representando cerca de 30% de todos os tumores malignos registrados no pa\u00eds.<\/span><\/a><span style=\"font-weight: 400;\"> E dentro desse cen\u00e1rio, o melanoma merece aten\u00e7\u00e3o especial.<\/span><\/p>\n<p><span style=\"font-weight: 400;\">O melanoma \u00e9 o tipo mais <\/span><span style=\"font-weight: 400;\">agressivo, pois pode se espalhar rapidamente para outros \u00f3rg\u00e3os quando n\u00e3o identificado em est\u00e1gios iniciais. Por isso, conhecer os sinais, adotar medidas de prote\u00e7\u00e3o e buscar avalia\u00e7\u00e3o m\u00e9dica ao notar qualquer altera\u00e7\u00e3o na pele s\u00e3o atitudes que podem fazer toda a diferen\u00e7a.<\/span><\/p>\n<h2><b>C\u00e2ncer de pele: n\u00e3o melanoma e melanoma\u00a0<\/b><\/h2>\n<h3><b>N\u00e3o melanoma<\/b><\/h3>\n<p><span style=\"font-weight: 400;\">\u00c9 o tipo mais frequente no Brasil e se origina a partir da multiplica\u00e7\u00e3o anormal das c\u00e9lulas da pele, que n\u00e3o s\u00e3o melan\u00f3citos. Embora seja mais comum, costuma ter \u00f3tima resposta ao tratamento, principalmente quando diagnosticado precocemente.<\/span><\/p>\n<p><span style=\"font-weight: 400;\">Os tumores mais representativos desse grupo s\u00e3o o carcinoma basocelular e o carcinoma espinocelular.<\/span><\/p>\n<p><b>Carcinoma basocelular<\/b><span style=\"font-weight: 400;\">: \u00e9 o mais recorrente, <\/span><a href=\"https:\/\/sbco.org.br\/saiba-mais-sobre-o-cancer-de-pele-nao-melanoma\/\"><span style=\"font-weight: 400;\">respons\u00e1vel por cerca de 80% dos casos.<\/span><span style=\"font-weight: 400;\"><br \/>\n<\/span><\/a><span style=\"font-weight: 400;\">Geralmente surge em regi\u00f5es do rosto mais expostas ao sol e aparece como uma les\u00e3o avermelhada, brilhante ou com crosta central.<\/span><\/p>\n<p><b>Carcinoma espinocelular:<\/b><span style=\"font-weight: 400;\"> tende a se desenvolver nas camadas superiores da pele, manifestando-se como uma ferida espessa e descamativa, que pode sangrar e n\u00e3o cicatrizar.<\/span><\/p>\n<p><span style=\"font-weight: 400;\">Apesar de raramente se espalharem para outros \u00f3rg\u00e3os, esses tumores refor\u00e7am a import\u00e2ncia da aten\u00e7\u00e3o \u00e0s mudan\u00e7as na pele e do acompanhamento dermatol\u00f3gico regular, atitudes simples que garantem um cuidado oncol\u00f3gico mais seguro e eficaz.<\/span><\/p>\n<h3><b>Melanoma<\/b><\/h3>\n<p><span style=\"font-weight: 400;\">O melanoma \u00e9 um tipo de c\u00e2ncer que se desenvolve nos melan\u00f3citos, c\u00e9lulas respons\u00e1veis pela produ\u00e7\u00e3o de melanina, o pigmento que d\u00e1 cor \u00e0 pele. Ele pode surgir em \u00e1reas de pele saud\u00e1vel ou se desenvolver a partir de pintas j\u00e1 existentes.<\/span><\/p>\n<p><span style=\"font-weight: 400;\">Embora o melanoma seja menos frequente, \u00e9 o tipo com maior potencial de dissemina\u00e7\u00e3o para outros \u00f3rg\u00e3os.<\/span><\/p>\n<h4><b>Sinais de alerta: o que observar na sua pele<\/b><\/h4>\n<p><span style=\"font-weight: 400;\">O melanoma pode surgir em uma pinta j\u00e1 existente ou em uma nova. Portanto, observar o pr\u00f3prio corpo e perceber mudan\u00e7as no formato, cor ou tamanho \u00e9 essencial. Os sinais incluem:<\/span><\/p>\n<ul>\n<li style=\"font-weight: 400;\"><b>Assimetria:<\/b><span style=\"font-weight: 400;\"> Metade da pinta \u00e9 diferente da outra metade.<\/span><\/li>\n<li style=\"font-weight: 400;\"><b>Bordas:<\/b><span style=\"font-weight: 400;\"> Bordas irregulares ou mal definidas.<\/span><\/li>\n<li style=\"font-weight: 400;\"><b>Cor:<\/b><span style=\"font-weight: 400;\"> Varia\u00e7\u00e3o de cores (tons de marrom, preto, vermelho, branco ou azul).<\/span><\/li>\n<li style=\"font-weight: 400;\"><b>Di\u00e2metro:<\/b> <a href=\"https:\/\/www.oncoguia.org.br\/conteudo\/sinais-e-sintomas-do-cancer-de-pele-melanoma\/556\/187\/\"><span style=\"font-weight: 400;\">Les\u00f5es com mais de 6 mil\u00edmetros.<\/span><\/a><\/li>\n<li style=\"font-weight: 400;\"><b>Evolu\u00e7\u00e3o:<\/b><span style=\"font-weight: 400;\"> Mudan\u00e7as ao longo do tempo em forma, cor ou relevo.<\/span><\/li>\n<\/ul>\n<p><span style=\"font-weight: 400;\">Al\u00e9m disso, fique atento a:<\/span><\/p>\n<ul>\n<li style=\"font-weight: 400;\"><span style=\"font-weight: 400;\">Feridas que n\u00e3o cicatrizam.<\/span><\/li>\n<li style=\"font-weight: 400;\"><span style=\"font-weight: 400;\">Pintas que co\u00e7am, sangram ou causam desconforto.<\/span><\/li>\n<li style=\"font-weight: 400;\"><span style=\"font-weight: 400;\">Altera\u00e7\u00f5es em pintas existentes.<\/span><\/li>\n<\/ul>\n<p><span style=\"font-weight: 400;\">Nem todo melanoma segue essas caracter\u00edsticas. Alguns podem ser amelan\u00f3ticos (sem pigmenta\u00e7\u00e3o escura), por isso, qualquer altera\u00e7\u00e3o persistente na pele deve ser avaliada por um m\u00e9dico.<\/span><\/p>\n<h2><b>C<\/b><b>omo prevenir o c\u00e2ncer de pele<\/b><b>\u200b?<\/b><\/h2>\n<p><span style=\"font-weight: 400;\">Nos meses mais quentes, passamos mais tempo ao ar livre, frequentamos praias, piscinas e \u00e1reas expostas ao sol. Essa maior exposi\u00e7\u00e3o \u00e0 radia\u00e7\u00e3o ultravioleta (UV) aumenta os riscos de danos \u00e0 pele, esses danos podem se acumular ao longo dos anos e resultar no desenvolvimento de c\u00e2ncer.<\/span><\/p>\n<p><a href=\"https:\/\/www.gov.br\/inca\/pt-br\/assuntos\/cancer\/tipos\/pele-melanoma\"><span style=\"font-weight: 400;\">Entre os principais cuidados recomendados por dermatologistas e oncologistas, est\u00e3o:<\/span><\/a><\/p>\n<ul>\n<li style=\"font-weight: 400;\"><span style=\"font-weight: 400;\">Evitar a exposi\u00e7\u00e3o ao sol entre <\/span><b>10h e 16h<\/b><span style=\"font-weight: 400;\">, quando a radia\u00e7\u00e3o ultravioleta \u00e9 mais intensa;<\/span><\/li>\n<li style=\"font-weight: 400;\"><span style=\"font-weight: 400;\">Aplicar <\/span><b>protetor solar com FPS adequado <\/b><span style=\"font-weight: 400;\">todos os dias, mesmo em dias nublados;<\/span><\/li>\n<li style=\"font-weight: 400;\"><span style=\"font-weight: 400;\">Usar <\/span><b>chap\u00e9us ou bon\u00e9s, \u00f3culos de sol, roupas protetoras<\/b><span style=\"font-weight: 400;\"> e buscar \u00e1reas sombreadas;<\/span><\/li>\n<\/ul>\n<p><span style=\"font-weight: 400;\">A radia\u00e7\u00e3o UV \u00e9 o principal fator de risco para o c\u00e2ncer de pele. Por isso, a prote\u00e7\u00e3o solar n\u00e3o \u00e9 apenas uma quest\u00e3o est\u00e9tica, mas de sa\u00fade.<\/span><span style=\"font-weight: 400;\"><br \/>\n<\/span><\/p>\n<h2><b>Fatores de risco: quem precisa ter aten\u00e7\u00e3o redobrada?<\/b><\/h2>\n<p><span style=\"font-weight: 400;\">Alguns fatores aumentam a probabilidade de desenvolver melanoma, como:<\/span><\/p>\n<ul>\n<li style=\"font-weight: 400;\"><span style=\"font-weight: 400;\">Pele clara, olhos claros, cabelos loiros ou ruivos.<\/span><\/li>\n<li style=\"font-weight: 400;\"><span style=\"font-weight: 400;\">Hist\u00f3rico de queimaduras solares intensas, especialmente na inf\u00e2ncia.<\/span><\/li>\n<li style=\"font-weight: 400;\"><span style=\"font-weight: 400;\">Hist\u00f3rico pessoal ou familiar de c\u00e2ncer de pele.<\/span><\/li>\n<li style=\"font-weight: 400;\"><span style=\"font-weight: 400;\">Uso de c\u00e2maras de bronzeamento artificial.<\/span><\/li>\n<\/ul>\n<p><span style=\"font-weight: 400;\">Mesmo pessoas com pele mais escura n\u00e3o est\u00e3o isentas de risco,\u00a0 o melanoma pode surgir em \u00e1reas menos expostas ao sol, como palmas das m\u00e3os, plantas dos p\u00e9s e unhas.<\/span><\/p>\n<h2><b>A import\u00e2ncia do acompanhamento m\u00e9dico<\/b><\/h2>\n<p><span style=\"font-weight: 400;\">O ver\u00e3o \u00e9 uma esta\u00e7\u00e3o de sol, leveza e alegria, mas tamb\u00e9m um momento de cuidado redobrado com a sa\u00fade da pele. Adotar medidas de prote\u00e7\u00e3o e estar atento aos sinais do pr\u00f3prio corpo s\u00e3o atitudes simples, mas que podem fazer toda a diferen\u00e7a.<\/span><\/p>\n<p><span style=\"font-weight: 400;\">Por isso, n\u00e3o subestime manchas, pintas ou les\u00f5es que mudam de apar\u00eancia. Procure orienta\u00e7\u00e3o m\u00e9dica, fa\u00e7a o acompanhamento dermatol\u00f3gico regular e proteja-se todos os dias.<\/span><\/p>\n<p><a href=\"https:\/\/cromaoncologia.com.br\/agendar-consulta\/\"><span style=\"font-weight: 400;\">Na Croma Oncologia, o cuidado \u00e9 coordenado desde a primeira avalia\u00e7\u00e3o at\u00e9 o acompanhamento p\u00f3s-tratamento<\/span><\/a><span style=\"font-weight: 400;\">, sempre com foco na experi\u00eancia humana e na escuta atenta. Mais do que tratar o c\u00e2ncer, o compromisso da Croma Oncologia \u00e9 transformar a forma como o cuidado oncol\u00f3gico \u00e9 vivido \u2014 com informa\u00e7\u00e3o, acolhimento e acompanhamento cont\u00ednuo.<\/span><\/p>\n<p><span style=\"font-weight: 400;\">Proteger-se deve ser parte da rotina e n\u00e3o apenas durante o ver\u00e3o. <\/span><span style=\"font-weight: 400;\">Cuidar da sua pele \u00e9 cuidar da sua sa\u00fade.<\/span><\/p>\n\n\n","protected":false},"excerpt":{"rendered":"<p>Durante o ver\u00e3o, \u00e9 natural buscar o sol, seja em momentos de lazer, viagens ou atividades ao ar livre. Mas \u00e9 justamente nesse per\u00edodo que cresce o alerta para um tema essencial: o c\u00e2ncer de pele.\u00a0 O c\u00e2ncer de pele \u00e9 o tipo mais comum no Brasil, representando cerca de 30% de todos os tumores [&hellip;]<\/p>\n","protected":false},"author":8,"featured_media":304,"comment_status":"open","ping_status":"open","sticky":false,"template":"","format":"standard","meta":{"_acf_changed":false,"om_disable_all_campaigns":false,"_monsterinsights_skip_tracking":false,"_monsterinsights_sitenote_active":false,"_monsterinsights_sitenote_note":"","_monsterinsights_sitenote_category":0,"footnotes":""},"categories":[3,6],"tags":[19,41,40,42],"class_list":["post-303","post","type-post","status-publish","format-standard","has-post-thumbnail","hentry","category-diagnostico","category-prevencao","tag-cancer-de-pele","tag-melanoma","tag-protecao-solar","tag-verao"],"acf":[],"aioseo_notices":[],"_links":{"self":[{"href":"https:\/\/cromaoncologia.com.br\/sobre-o-cancer\/wp-json\/wp\/v2\/posts\/303","targetHints":{"allow":["GET"]}}],"collection":[{"href":"https:\/\/cromaoncologia.com.br\/sobre-o-cancer\/wp-json\/wp\/v2\/posts"}],"about":[{"href":"https:\/\/cromaoncologia.com.br\/sobre-o-cancer\/wp-json\/wp\/v2\/types\/post"}],"author":[{"embeddable":true,"href":"https:\/\/cromaoncologia.com.br\/sobre-o-cancer\/wp-json\/wp\/v2\/users\/8"}],"replies":[{"embeddable":true,"href":"https:\/\/cromaoncologia.com.br\/sobre-o-cancer\/wp-json\/wp\/v2\/comments?post=303"}],"version-history":[{"count":9,"href":"https:\/\/cromaoncologia.com.br\/sobre-o-cancer\/wp-json\/wp\/v2\/posts\/303\/revisions"}],"predecessor-version":[{"id":426,"href":"https:\/\/cromaoncologia.com.br\/sobre-o-cancer\/wp-json\/wp\/v2\/posts\/303\/revisions\/426"}],"wp:featuredmedia":[{"embeddable":true,"href":"https:\/\/cromaoncologia.com.br\/sobre-o-cancer\/wp-json\/wp\/v2\/media\/304"}],"wp:attachment":[{"href":"https:\/\/cromaoncologia.com.br\/sobre-o-cancer\/wp-json\/wp\/v2\/media?parent=303"}],"wp:term":[{"taxonomy":"category","embeddable":true,"href":"https:\/\/cromaoncologia.com.br\/sobre-o-cancer\/wp-json\/wp\/v2\/categories?post=303"},{"taxonomy":"post_tag","embeddable":true,"href":"https:\/\/cromaoncologia.com.br\/sobre-o-cancer\/wp-json\/wp\/v2\/tags?post=303"}],"curies":[{"name":"wp","href":"https:\/\/api.w.org\/{rel}","templated":true}]}}