{"id":346,"date":"2026-01-28T12:12:20","date_gmt":"2026-01-28T15:12:20","guid":{"rendered":"https:\/\/cromaoncologia.com.br\/sobre-o-cancer\/?p=346"},"modified":"2026-04-13T23:32:38","modified_gmt":"2026-04-14T02:32:38","slug":"como-se-proteger-no-verao-durante-o-tratamento-oncologico","status":"publish","type":"post","link":"https:\/\/cromaoncologia.com.br\/sobre-o-cancer\/como-se-proteger-no-verao-durante-o-tratamento-oncologico\/","title":{"rendered":"Como se proteger no ver\u00e3o durante o tratamento oncol\u00f3gico"},"content":{"rendered":"<p><span style=\"font-weight: 400;\">O ver\u00e3o exige aten\u00e7\u00e3o especial de quem est\u00e1 em tratamento oncol\u00f3gico. Os cuidados no ver\u00e3o durante o tratamento oncol\u00f3gico s\u00e3o importantes porque ajudam a proteger a pele, manter o corpo hidratado e reduzir desconfortos causados pelo calor intenso, pela exposi\u00e7\u00e3o solar e por ambientes como praia e piscina.<\/span><\/p>\n<p><span style=\"font-weight: 400;\">Al\u00e9m disso, pacientes em quimioterapia, radioterapia ou outros tratamentos oncol\u00f3gicos podem apresentar maior sensibilidade da pele e do organismo, o que torna essencial adotar medidas simples e pr\u00e1ticas no dia a dia.<\/span><\/p>\n<h2><b>Por que o ver\u00e3o exige mais cuidados durante o tratamento oncol\u00f3gico<\/b><\/h2>\n<p><span style=\"font-weight: 400;\">Durante o tratamento, \u00e9 comum que a pele reaja de forma mais intensa ao sol. Isso acontece porque alguns medicamentos aumentam a sensibilidade \u00e0 radia\u00e7\u00e3o solar, fen\u00f4meno conhecido como <\/span><a href=\"https:\/\/www.oncoguia.org.br\/conteudo\/pacientes-com-cancer-devem-redobrar-cuidados-com-a-pele-durante-o-verao\/15999\/7\/?utm_source=chatgpt.com\"><b>fotossensibilidade<\/b><\/a><span style=\"font-weight: 400;\">. Como consequ\u00eancia, mesmo exposi\u00e7\u00f5es curtas podem causar vermelhid\u00e3o, ard\u00eancia, descama\u00e7\u00e3o ou queimaduras.<\/span><\/p>\n<p><span style=\"font-weight: 400;\">Por isso, entender e aplicar os cuidados no ver\u00e3o durante o tratamento oncol\u00f3gico \u00e9 uma forma de preservar o bem-estar e evitar complica\u00e7\u00f5es que podem interferir na rotina de cuidado.<\/span><\/p>\n<h2><b>Prote\u00e7\u00e3o solar e exposi\u00e7\u00e3o ao sol<\/b><\/h2>\n<p><span style=\"font-weight: 400;\">Um dos principais pontos de aten\u00e7\u00e3o no ver\u00e3o \u00e9 a prote\u00e7\u00e3o solar. O uso correto do protetor ajuda a reduzir danos \u00e0 pele sensibilizada pelo tratamento.<\/span><\/p>\n<p><span style=\"font-weight: 400;\">De modo geral, recomenda-se:<\/span><\/p>\n<ul>\n<li style=\"font-weight: 400;\"><span style=\"font-weight: 400;\">Protetor solar com FPS 30 ou superior;<\/span><\/li>\n<li style=\"font-weight: 400;\"><span style=\"font-weight: 400;\">Reaplica\u00e7\u00e3o a cada 2 horas;<\/span><\/li>\n<li style=\"font-weight: 400;\"><span style=\"font-weight: 400;\">Nova aplica\u00e7\u00e3o ap\u00f3s suor excessivo ou contato com \u00e1gua;<\/span><\/li>\n<li style=\"font-weight: 400;\"><span style=\"font-weight: 400;\">Prefer\u00eancia por produtos indicados pela equipe de sa\u00fade;<\/span><\/li>\n<li style=\"font-weight: 400;\"><span style=\"font-weight: 400;\">Utilizar barreiras f\u00edsicas como chap\u00e9us, bon\u00e9s, \u00f3culos escuros e roupas com prote\u00e7\u00e3o UV.<\/span><\/li>\n<\/ul>\n<p><span style=\"font-weight: 400;\">Al\u00e9m disso, sempre que poss\u00edvel, evite a exposi\u00e7\u00e3o direta ao sol entre <\/span><a href=\"https:\/\/cromaoncologia.com.br\/sobre-o-cancer\/protecao-solar-alem-do-verao-entenda-o-melanoma-e-como-preveni-lo\/\"><b>10h e 16h<\/b><\/a><span style=\"font-weight: 400;\">, quando a radia\u00e7\u00e3o \u00e9 mais intensa. Dessa forma, o risco de irrita\u00e7\u00f5es e queimaduras \u00e9 menor.<\/span><\/p>\n<h2><b>Hidrata\u00e7\u00e3o: um cuidado que faz diferen\u00e7a no calor<\/b><\/h2>\n<p><span style=\"font-weight: 400;\">Outro ponto essencial nos cuidados no ver\u00e3o durante o tratamento oncol\u00f3gico \u00e9 a hidrata\u00e7\u00e3o. O calor favorece a perda de l\u00edquidos e pode intensificar sintomas como cansa\u00e7o, tontura e mal-estar.<\/span><\/p>\n<p><span style=\"font-weight: 400;\">Por isso, mantenha uma ingest\u00e3o regular de l\u00edquidos ao longo do dia. \u00c1gua, \u00e1gua de coco e sucos naturais s\u00e3o boas op\u00e7\u00f5es e ajudam a manter o equil\u00edbrio do organismo, especialmente em dias mais quentes.<\/span><\/p>\n<h2><b>Praia, piscina e contato com a \u00e1gua<\/b><\/h2>\n<p><span style=\"font-weight: 400;\">Ambientes como praia e piscina exigem aten\u00e7\u00e3o extra. A \u00e1gua do mar, o cloro das piscinas e a exposi\u00e7\u00e3o prolongada ao sol podem irritar a pele mais sens\u00edvel durante o tratamento.<\/span><\/p>\n<p><span style=\"font-weight: 400;\">Sempre que poss\u00edvel:<\/span><\/p>\n<ul>\n<li style=\"font-weight: 400;\"><span style=\"font-weight: 400;\">Evite longos per\u00edodos de exposi\u00e7\u00e3o;<\/span><\/li>\n<li style=\"font-weight: 400;\"><span style=\"font-weight: 400;\">Enx\u00e1gue bem a pele ap\u00f3s sair da \u00e1gua;<\/span><\/li>\n<li style=\"font-weight: 400;\"><span style=\"font-weight: 400;\">Observe sinais de irrita\u00e7\u00e3o, ard\u00eancia ou desconforto.<\/span><\/li>\n<\/ul>\n<p><span style=\"font-weight: 400;\">Caso note qualquer altera\u00e7\u00e3o, o ideal \u00e9 procurar orienta\u00e7\u00e3o da equipe de sa\u00fade.<\/span><\/p>\n<h2><b>Roupas, acess\u00f3rios e alimenta\u00e7\u00e3o no ver\u00e3o<\/b><\/h2>\n<p><span style=\"font-weight: 400;\">Roupas leves, confort\u00e1veis e que cubram a pele ajudam na prote\u00e7\u00e3o contra o sol. Chap\u00e9us, \u00f3culos escuros e camisetas com prote\u00e7\u00e3o UV funcionam como barreiras f\u00edsicas importantes e complementam o uso do protetor solar.<\/span><\/p>\n<p><span style=\"font-weight: 400;\">Al\u00e9m disso, prefira uma alimenta\u00e7\u00e3o mais leve nos dias quentes. Frutas ricas em \u00e1gua e refei\u00e7\u00f5es de f\u00e1cil digest\u00e3o costumam ser melhor toleradas e contribuem para o bem-estar ao longo do dia.<\/span><\/p>\n<h2><b>Sinais de alerta: quando procurar ajuda<\/b><\/h2>\n<p><span style=\"font-weight: 400;\">Durante o ver\u00e3o, fique atento a sinais como:<\/span><\/p>\n<ul>\n<li style=\"font-weight: 400;\"><span style=\"font-weight: 400;\">Vermelhid\u00e3o intensa ou bolhas na pele;<\/span><\/li>\n<li style=\"font-weight: 400;\"><span style=\"font-weight: 400;\">Ard\u00eancia persistente;<\/span><\/li>\n<li style=\"font-weight: 400;\"><span style=\"font-weight: 400;\">Tontura ou sinais de desidrata\u00e7\u00e3o;<\/span><\/li>\n<li style=\"font-weight: 400;\"><span style=\"font-weight: 400;\">Febre ou altera\u00e7\u00f5es cut\u00e2neas.<\/span><\/li>\n<\/ul>\n<p><span style=\"font-weight: 400;\">Portanto, se algum desses sintomas aparecer, \u00e9 fundamental buscar orienta\u00e7\u00e3o da equipe de cuidados.<\/span><\/p>\n<h2><b>O cuidado coordenado da Croma Oncologia em todas as fases do tratamento<\/b><\/h2>\n<p><span style=\"font-weight: 400;\">Na Croma Oncologia, o cuidado vai al\u00e9m do tratamento cl\u00ednico. A equipe atua de forma integrada, acompanhando cada etapa da jornada oncol\u00f3gica e orientando o paciente tamb\u00e9m nos cuidados do dia a dia, como os cuidados no ver\u00e3o durante o tratamento oncol\u00f3gico.<\/span><\/p>\n<p><span style=\"font-weight: 400;\">Com uma navega\u00e7\u00e3o 360\u00b0, o foco est\u00e1 no acolhimento, na escuta e no suporte cont\u00ednuo, ajudando o paciente a atravessar cada fase com mais seguran\u00e7a e tranquilidade.<\/span><\/p>\n<p><span style=\"font-weight: 400;\">Quer saber como ter mais seguran\u00e7a e orienta\u00e7\u00e3o durante o tratamento oncol\u00f3gico, inclusive no ver\u00e3o? <\/span><a href=\"https:\/\/cromaoncologia.com.br\/#\"><span style=\"font-weight: 400;\">Fale com a Croma Oncologia.<\/span><\/a><\/p>\n","protected":false},"excerpt":{"rendered":"<p>O ver\u00e3o exige aten\u00e7\u00e3o especial de quem est\u00e1 em tratamento oncol\u00f3gico. Os cuidados no ver\u00e3o durante o tratamento oncol\u00f3gico s\u00e3o importantes porque ajudam a proteger a pele, manter o corpo hidratado e reduzir desconfortos causados pelo calor intenso, pela exposi\u00e7\u00e3o solar e por ambientes como praia e piscina. Al\u00e9m disso, pacientes em quimioterapia, radioterapia ou [&hellip;]<\/p>\n","protected":false},"author":8,"featured_media":348,"comment_status":"open","ping_status":"open","sticky":false,"template":"","format":"standard","meta":{"_acf_changed":false,"om_disable_all_campaigns":false,"_monsterinsights_skip_tracking":false,"_monsterinsights_sitenote_active":false,"_monsterinsights_sitenote_note":"","_monsterinsights_sitenote_category":0,"footnotes":""},"categories":[6],"tags":[45,40,46,42],"class_list":["post-346","post","type-post","status-publish","format-standard","has-post-thumbnail","hentry","category-prevencao","tag-bem-estar","tag-protecao-solar","tag-tratamento-oncologico","tag-verao"],"acf":[],"aioseo_notices":[],"_links":{"self":[{"href":"https:\/\/cromaoncologia.com.br\/sobre-o-cancer\/wp-json\/wp\/v2\/posts\/346","targetHints":{"allow":["GET"]}}],"collection":[{"href":"https:\/\/cromaoncologia.com.br\/sobre-o-cancer\/wp-json\/wp\/v2\/posts"}],"about":[{"href":"https:\/\/cromaoncologia.com.br\/sobre-o-cancer\/wp-json\/wp\/v2\/types\/post"}],"author":[{"embeddable":true,"href":"https:\/\/cromaoncologia.com.br\/sobre-o-cancer\/wp-json\/wp\/v2\/users\/8"}],"replies":[{"embeddable":true,"href":"https:\/\/cromaoncologia.com.br\/sobre-o-cancer\/wp-json\/wp\/v2\/comments?post=346"}],"version-history":[{"count":5,"href":"https:\/\/cromaoncologia.com.br\/sobre-o-cancer\/wp-json\/wp\/v2\/posts\/346\/revisions"}],"predecessor-version":[{"id":423,"href":"https:\/\/cromaoncologia.com.br\/sobre-o-cancer\/wp-json\/wp\/v2\/posts\/346\/revisions\/423"}],"wp:featuredmedia":[{"embeddable":true,"href":"https:\/\/cromaoncologia.com.br\/sobre-o-cancer\/wp-json\/wp\/v2\/media\/348"}],"wp:attachment":[{"href":"https:\/\/cromaoncologia.com.br\/sobre-o-cancer\/wp-json\/wp\/v2\/media?parent=346"}],"wp:term":[{"taxonomy":"category","embeddable":true,"href":"https:\/\/cromaoncologia.com.br\/sobre-o-cancer\/wp-json\/wp\/v2\/categories?post=346"},{"taxonomy":"post_tag","embeddable":true,"href":"https:\/\/cromaoncologia.com.br\/sobre-o-cancer\/wp-json\/wp\/v2\/tags?post=346"}],"curies":[{"name":"wp","href":"https:\/\/api.w.org\/{rel}","templated":true}]}}