{"id":362,"date":"2026-01-29T16:42:27","date_gmt":"2026-01-29T19:42:27","guid":{"rendered":"https:\/\/cromaoncologia.com.br\/sobre-o-cancer\/?p=362"},"modified":"2026-04-13T23:29:25","modified_gmt":"2026-04-14T02:29:25","slug":"cuidado-360-por-que-a-integracao-entre-especialistas-transforma-a-jornada-oncologica","status":"publish","type":"post","link":"https:\/\/cromaoncologia.com.br\/sobre-o-cancer\/cuidado-360-por-que-a-integracao-entre-especialistas-transforma-a-jornada-oncologica\/","title":{"rendered":"Cuidado 360\u00b0: Por que a integra\u00e7\u00e3o entre especialistas transforma a jornada oncol\u00f3gica"},"content":{"rendered":"<p>O tratamento oncol\u00f3gico exige mais do que consultas m\u00e9dicas e exames. \u00c9 necess\u00e1rio uma rede de apoio que enxergue o paciente como um todo: corpo, mente, emo\u00e7\u00f5es e rotina.<\/p>\n<p><span style=\"font-weight: 400;\">Por isso, na Croma Oncologia, o cuidado significa acolher todas as dimens\u00f5es da vida durante o tratamento oncol\u00f3gico. E \u00e9 isso que chamamos de Cuidado 360\u00b0, uma abordagem que integra m\u00e9dicos, nutricionistas, psic\u00f3logos, enfermeiros, fisioterapeutas e outros profissionais em torno de um \u00fanico objetivo: o seu bem-estar completo.\u00a0<\/span><\/p>\n<p><span style=\"font-weight: 400;\">Leia este artigo e entenda como o cuidado multidisciplinar integrado transforma a jornada oncol\u00f3gica e por que essa abordagem faz toda a diferen\u00e7a no tratamento.<\/span><\/p>\n<h2><b>Por que o cuidado multidisciplinar faz diferen\u00e7a?<\/b><\/h2>\n<p><span style=\"font-weight: 400;\">O tratamento oncol\u00f3gico n\u00e3o acontece em uma \u00fanica dimens\u00e3o. Por isso, quando uma equipe completa trabalha de forma integrada, e n\u00e3o isolada, os resultados s\u00e3o significativamente mais positivos. <\/span><span style=\"font-weight: 400;\"><br \/>\n<\/span><span style=\"font-weight: 400;\"><br \/>\n<\/span><span style=\"font-weight: 400;\">Cada profissional enxerga uma dimens\u00e3o diferente do mesmo paciente, e \u00e9 justamente essa soma de olhares que torna o cuidado mais profundo, mais humano e mais eficaz.<\/span><\/p>\n<h3><b>Na pr\u00e1tica, isso significa:<\/b><\/h3>\n<ul>\n<li style=\"font-weight: 400;\"><span style=\"font-weight: 400;\"><span style=\"font-weight: 400;\"><span style=\"font-weight: 400;\">Nutricionistas que elaboram plano alimentar individualizado com base no diagn\u00f3stico nutricional e doen\u00e7a associada; contribuem com a preven\u00e7\u00e3o e manejo dos efeitos colaterais do tratamento e promovem a educa\u00e7\u00e3o alimentar e nutricional para pacientes e fam\u00edlia.<\/span><\/span><\/span><\/li>\n<li style=\"font-weight: 400;\"><span style=\"font-weight: 400;\">Psic\u00f3logos que oferecem apoio para reduzir o <a href=\"https:\/\/cromaoncologia.com.br\/sobre-o-cancer\/saude-mental-e-prevencao-do-cancer-como-cuidar-da-mente-fortalece-o-corpo\/\">impacto emocional<\/a> e psicol\u00f3gico da doen\u00e7a e tratamento, ajudando assim a diminuir o estresse, o medo, a ansiedade e outros sentimentos que podem surgir nas diferentes fases da jornada.<br \/>\n<\/span><span style=\"font-weight: 400;\"><br \/>\n<\/span><\/li>\n<li style=\"font-weight: 400;\"><span style=\"font-weight: 400;\">Fisioterapeutas que atuam em todas as fases do cuidado para ajudar o paciente a manter ou recuperar sua for\u00e7a, disposi\u00e7\u00e3o e qualidade de vida durante o tratamento.<br \/>\n<\/span><span style=\"font-weight: 400;\"><br \/>\n<\/span><\/li>\n<li style=\"font-weight: 400;\"><span style=\"font-weight: 400;\">Por sua vez, os farmac\u00eauticos cl\u00ednicos que orientam sobre os medicamentos, como usar, quando usar e o que esperar deles, e ainda, acompanham a ades\u00e3o dos pacientes ao tratamento.<br \/>\n<\/span><span style=\"font-weight: 400;\"><br \/>\n<\/span><\/li>\n<li style=\"font-weight: 400;\"><span style=\"font-weight: 400;\">Estomatologistas que atuam para prevenir, avaliar e tratar problemas bucais que podem surgir com quimioterapia, radioterapia ou outras terapias.<br \/>\n<\/span><span style=\"font-weight: 400;\"><br \/>\n<\/span><\/li>\n<li style=\"font-weight: 400;\"><span style=\"font-weight: 400;\">Por fim, o fonoaudi\u00f3logo ajuda o paciente a se comunicar melhor, a se alimentar com seguran\u00e7a e a recuperar fun\u00e7\u00f5es que podem ter sido prejudicadas.<\/span><\/li>\n<\/ul>\n<p><span style=\"font-weight: 400;\">Portanto, na Croma Oncologia, ningu\u00e9m trabalha isolado. Todos trabalham pelo paciente.<\/span><\/p>\n<h2><b>Como funciona o Cuidado 360\u00b0 na pr\u00e1tica?<\/b><b><br \/>\n<\/b><\/h2>\n<p><span style=\"font-weight: 400;\">A Navega\u00e7\u00e3o 360\u00b0 \u00e9 um modelo de cuidado coordenado em oncologia que acompanha o paciente em todas as etapas da jornada, desde a suspeita da doen\u00e7a at\u00e9 a alta ou cuidados paliativos.<\/span><\/p>\n<p><span style=\"font-weight: 400;\">O objetivo \u00e9 reduzir barreiras, antecipar riscos, integrar a equipe multi, garantir fluidez, e promover uma experi\u00eancia segura, humana e orientada por valor.<\/span><\/p>\n<p><span style=\"font-weight: 400;\">Nesse sentido, m\u00e9dicos e profissionais especialistas est\u00e3o prontos para conhecer cada caso. A primeira consulta \u00e9 um momento-chave para entender a situa\u00e7\u00e3o a fundo, com a comodidade de um atendimento que se molda \u00e0 vida do paciente.<\/span><\/p>\n<h2>Navega\u00e7\u00e3o e suporte<\/h2>\n<p><span style=\"font-weight: 400;\">Ap\u00f3s a primeira consulta m\u00e9dica, com indica\u00e7\u00e3o de tratamento, o paciente passa a contar com o apoio de uma equipe de navega\u00e7\u00e3o dedicada a orientar, encaminhar e acompanhar cada etapa do cuidado. <\/span><span style=\"font-weight: 400;\">Mas o diferencial vai al\u00e9m:<\/span><\/p>\n<p><b>Concierge exclusivo: <\/b><span style=\"font-weight: 400;\">Profissional respons\u00e1vel por agendamento de consultas e exames, e por descomplicar processos, garantindo agilidade nas autoriza\u00e7\u00f5es e total conforto.<\/span><\/p>\n<p><b>Canal de comunica\u00e7\u00e3o facilitado: <\/b><span style=\"font-weight: 400;\">Acesso direto para d\u00favidas, lembretes e acompanhamento constante.<\/span><\/p>\n<p>Al\u00e9m disso, essa estrutura coordena as <b>tr\u00eas dimens\u00f5es<\/b> essenciais do cuidado:<\/p>\n<p><b>M\u00e9dica: <\/b><span style=\"font-weight: 400;\">Equipe especializada acompanhando toda a jornada.<\/span><\/p>\n<p><b>Assistencial: <\/b><span style=\"font-weight: 400;\">Suporte completo ao bem-estar com psic\u00f3logos, nutricionistas, fisioterapeutas, enfermeiros, fonoaudi\u00f3logos e estomatologistas.<\/span><\/p>\n<p><b>Administrativa:<\/b><span style=\"font-weight: 400;\"> Concierge exclusivo que descomplica processos e coordena agendamentos para uma jornada mais fluida.<\/span><\/p>\n<h2><b>Plano de cuidado personalizado<\/b><\/h2>\n<p><span style=\"font-weight: 400;\">Com essa estrutura de suporte, \u00e9 constru\u00eddo um plano de cuidado totalmente personalizado, garantindo que cada paciente receba exatamente o que precisa.<\/span><\/p>\n<p><span style=\"font-weight: 400;\">Dessa forma, a equipe de navega\u00e7\u00e3o acompanha de perto toda a jornada: exames, consultas, procedimentos cir\u00fargicos, terapias oncol\u00f3gicas e, claro, o bem-estar geral, tudo integrado para a tranquilidade do paciente e da fam\u00edlia.<\/span><\/p>\n<p><span style=\"font-weight: 400;\">Essa integra\u00e7\u00e3o acontece porque todos os profissionais se comunicam entre si, compartilham informa\u00e7\u00f5es e ajustam suas condutas de acordo com a evolu\u00e7\u00e3o de cada caso. O resultado \u00e9 um cuidado verdadeiramente coordenado, onde nada fica isolado e tudo conversa.<\/span><\/p>\n<h2><strong>Cuidado cont\u00ednuo do tratamento oncol\u00f3gico<\/strong><\/h2>\n<p><span style=\"font-weight: 400;\">Ap\u00f3s o tratamento, o paciente continua realizando consultas e exames peri\u00f3dicos, permitindo que a equipe detecte precocemente qualquer sinal ou efeito relacionado ao tratamento.<\/span><\/p>\n<p><span style=\"font-weight: 400;\">\u00c9 o compromisso com a sa\u00fade a longo prazo. Porque o cuidado oncol\u00f3gico n\u00e3o termina quando o tratamento acaba, ele se transforma em acompanhamento, preven\u00e7\u00e3o e suporte cont\u00ednuo.<\/span><\/p>\n<h2><b>Voc\u00ea no centro do cuidado<\/b><\/h2>\n<p><span style=\"font-weight: 400;\">Em suma, esse \u00e9 o jeito Croma Oncologia de cuidar: colocando o paciente no centro de um modelo que coordena e integra todos os pontos do cuidado, oferecendo mais seguran\u00e7a, acolhimento e praticidade.\u00a0<\/span><\/p>\n<p><span style=\"font-weight: 400;\"><a href=\"https:\/\/cromaoncologia.com.br\/institucional\/\">Descubra como a Navega\u00e7\u00e3o 360\u00b0 pode transformar a sua jornada.<\/a> Entre em contato com a Croma Oncologia e conhe\u00e7a um modelo de cuidado que integra medicina de excel\u00eancia, suporte multidisciplinar e humaniza\u00e7\u00e3o em cada detalhe.\u00a0<\/span><\/p>\n","protected":false},"excerpt":{"rendered":"<p>O tratamento oncol\u00f3gico exige mais do que consultas m\u00e9dicas e exames. \u00c9 necess\u00e1rio uma rede de apoio que enxergue o paciente como um todo: corpo, mente, emo\u00e7\u00f5es e rotina. Por isso, na Croma Oncologia, o cuidado significa acolher todas as dimens\u00f5es da vida durante o tratamento oncol\u00f3gico. E \u00e9 isso que chamamos de Cuidado 360\u00b0, [&hellip;]<\/p>\n","protected":false},"author":8,"featured_media":365,"comment_status":"open","ping_status":"open","sticky":false,"template":"","format":"standard","meta":{"_acf_changed":false,"om_disable_all_campaigns":false,"_monsterinsights_skip_tracking":false,"_monsterinsights_sitenote_active":false,"_monsterinsights_sitenote_note":"","_monsterinsights_sitenote_category":0,"footnotes":""},"categories":[3,6,1],"tags":[49,50,46],"class_list":["post-362","post","type-post","status-publish","format-standard","has-post-thumbnail","hentry","category-diagnostico","category-prevencao","category-sem-categoria","tag-jornada-oncologica","tag-rede-de-apoio","tag-tratamento-oncologico"],"acf":[],"aioseo_notices":[],"_links":{"self":[{"href":"https:\/\/cromaoncologia.com.br\/sobre-o-cancer\/wp-json\/wp\/v2\/posts\/362","targetHints":{"allow":["GET"]}}],"collection":[{"href":"https:\/\/cromaoncologia.com.br\/sobre-o-cancer\/wp-json\/wp\/v2\/posts"}],"about":[{"href":"https:\/\/cromaoncologia.com.br\/sobre-o-cancer\/wp-json\/wp\/v2\/types\/post"}],"author":[{"embeddable":true,"href":"https:\/\/cromaoncologia.com.br\/sobre-o-cancer\/wp-json\/wp\/v2\/users\/8"}],"replies":[{"embeddable":true,"href":"https:\/\/cromaoncologia.com.br\/sobre-o-cancer\/wp-json\/wp\/v2\/comments?post=362"}],"version-history":[{"count":9,"href":"https:\/\/cromaoncologia.com.br\/sobre-o-cancer\/wp-json\/wp\/v2\/posts\/362\/revisions"}],"predecessor-version":[{"id":419,"href":"https:\/\/cromaoncologia.com.br\/sobre-o-cancer\/wp-json\/wp\/v2\/posts\/362\/revisions\/419"}],"wp:featuredmedia":[{"embeddable":true,"href":"https:\/\/cromaoncologia.com.br\/sobre-o-cancer\/wp-json\/wp\/v2\/media\/365"}],"wp:attachment":[{"href":"https:\/\/cromaoncologia.com.br\/sobre-o-cancer\/wp-json\/wp\/v2\/media?parent=362"}],"wp:term":[{"taxonomy":"category","embeddable":true,"href":"https:\/\/cromaoncologia.com.br\/sobre-o-cancer\/wp-json\/wp\/v2\/categories?post=362"},{"taxonomy":"post_tag","embeddable":true,"href":"https:\/\/cromaoncologia.com.br\/sobre-o-cancer\/wp-json\/wp\/v2\/tags?post=362"}],"curies":[{"name":"wp","href":"https:\/\/api.w.org\/{rel}","templated":true}]}}