{"id":445,"date":"2026-04-22T12:02:16","date_gmt":"2026-04-22T15:02:16","guid":{"rendered":"https:\/\/cromaoncologia.com.br\/sobre-o-cancer\/?p=445"},"modified":"2026-04-22T12:02:16","modified_gmt":"2026-04-22T15:02:16","slug":"o-que-e-qualidade-de-vida-para-quem-vive-com-cancer","status":"publish","type":"post","link":"https:\/\/cromaoncologia.com.br\/sobre-o-cancer\/o-que-e-qualidade-de-vida-para-quem-vive-com-cancer\/","title":{"rendered":"O que \u00e9 qualidade de vida para quem vive com c\u00e2ncer"},"content":{"rendered":"<p><span style=\"font-weight: 400\">Falar sobre qualidade de vida \u00e9 reconhecer que sa\u00fade n\u00e3o se resume \u00e0 aus\u00eancia de doen\u00e7a, mas envolve equil\u00edbrio f\u00edsico, emocional e social, especialmente para quem vive um diagn\u00f3stico oncol\u00f3gico.<\/span><span style=\"font-weight: 400\"><br \/>\n<\/span><\/p>\n<h2><b>Qualidade de vida e o novo cen\u00e1rio da sa\u00fade<\/b><\/h2>\n<p><span style=\"font-weight: 400\">Segundo a Organiza\u00e7\u00e3o Mundial da Sa\u00fade (OMS), sa\u00fade \u00e9 um estado de completo bem-estar f\u00edsico, mental e social. No entanto, esse conceito se torna ainda mais relevante quando analisamos o cen\u00e1rio atual.<\/span><\/p>\n<p><span style=\"font-weight: 400\"><a href=\"https:\/\/biblioteca.observatoriosaudepublica.com.br\/blog\/expectativa-vida-saude-indicadores-dia-mundial\/\">Hoje, as Doen\u00e7as Cr\u00f4nicas N\u00e3o Transmiss\u00edveis (DCNT), como o c\u00e2ncer, s\u00e3o respons\u00e1veis por cerca de 74% das mortes no mundo.<\/a> No Brasil, em 2022, mais de 323 mil pessoas entre 30 e 69 anos morreram de forma prematura por essas condi\u00e7\u00f5es.<\/span><\/p>\n<p><span style=\"font-weight: 400\">Ao mesmo tempo, a popula\u00e7\u00e3o vive mais. A expectativa de vida no pa\u00eds chegou a 76,4 anos em 2023, um avan\u00e7o expressivo em rela\u00e7\u00e3o aos 54 anos registrados na d\u00e9cada de 1960. Globalmente, esse n\u00famero j\u00e1 ultrapassa 73 anos.<\/span><\/p>\n<p><span style=\"font-weight: 400\">Esse cen\u00e1rio revela um ponto importante: viver mais n\u00e3o significa, necessariamente, viver melhor. E \u00e9 exatamente aqui que a qualidade de vida se torna central,\u00a0 especialmente no contexto oncol\u00f3gico.<\/span><\/p>\n<h2><b>O que \u00e9 qualidade de vida durante o tratamento oncol\u00f3gico<\/b><\/h2>\n<p><span style=\"font-weight: 400\">Na oncologia, qualidade de vida n\u00e3o \u00e9 um conceito complementar, mas parte essencial do cuidado. Isso envolve diferentes dimens\u00f5es que impactam diretamente a experi\u00eancia do paciente.<\/span><\/p>\n<p><span style=\"font-weight: 400\">Entre elas, est\u00e3o o manejo de sintomas e efeitos colaterais, o suporte emocional, a manuten\u00e7\u00e3o da autonomia e a possibilidade de preservar aspectos importantes da rotina. Pequenas conquistas ganham relev\u00e2ncia: dormir bem, alimentar-se melhor, manter v\u00ednculos e se sentir acolhido.<br \/>\n<\/span><\/p>\n<p><span style=\"font-weight: 400\">Al\u00e9m disso, existe a complexidade da jornada. Um paciente oncol\u00f3gico frequentemente passa por diferentes especialistas, exames e decis\u00f5es ao mesmo tempo. Quando esse percurso n\u00e3o \u00e9 bem estruturado, pode gerar inseguran\u00e7a e desgaste.<\/span><\/p>\n<p><span style=\"font-weight: 400\">Por isso, a forma como o cuidado \u00e9 organizado tem impacto direto na qualidade de vida.<\/span><\/p>\n<h2><b>Cuidado coordenado e qualidade de vida: por que isso importa<\/b><\/h2>\n<p><span style=\"font-weight: 400\">Um dos fatores mais relevantes nesse contexto \u00e9 a integra\u00e7\u00e3o do cuidado. Quando diferentes profissionais atuam de forma conectada, o acompanhamento se torna mais claro, mais cont\u00ednuo e mais pr\u00f3ximo.<\/span><\/p>\n<p><span style=\"font-weight: 400\">Isso permite n\u00e3o apenas decis\u00f5es mais alinhadas \u00e0s necessidades do paciente, mas tamb\u00e9m uma jornada mais compreens\u00edvel e menos fragmentada. A presen\u00e7a de um profissional que auxilia na navega\u00e7\u00e3o desse processo tamb\u00e9m contribui para reduzir d\u00favidas e trazer mais seguran\u00e7a.<\/span><\/p>\n<p><span style=\"font-weight: 400\">Na pr\u00e1tica, isso significa transformar a experi\u00eancia do paciente, n\u00e3o apenas do ponto de vista cl\u00ednico, mas humano.<\/span><\/p>\n<h2 data-section-id=\"1w4zfm3\" data-start=\"3280\" data-end=\"3339\">Pequenas escolhas, grandes impactos na qualidade de vida<\/h2>\n<p data-start=\"3341\" data-end=\"3509\">Mesmo diante de um diagn\u00f3stico oncol\u00f3gico, alguns h\u00e1bitos continuam sendo aliados importantes. E, muitas vezes, s\u00e3o eles que sustentam o equil\u00edbrio ao longo da jornada.<\/p>\n<p data-start=\"3511\" data-end=\"3683\">Manter uma alimenta\u00e7\u00e3o equilibrada, priorizar o sono, cuidar da sa\u00fade mental e permanecer ativo dentro das possibilidades s\u00e3o atitudes que impactam diretamente o bem-estar.<\/p>\n<p data-start=\"3685\" data-end=\"3973\">Estudos da <a href=\"https:\/\/superage.com\/the-best-foods-for-healthy-longevity-according-to-harvard-2\/\">Harvard T.H. Chan School of Public Health<\/a> mostram que padr\u00f5es alimentares baseados em alimentos naturais est\u00e3o associados \u00e0 maior longevidade e \u00e0 redu\u00e7\u00e3o do risco de agravamento de doen\u00e7as cr\u00f4nicas. Ou seja, pequenas escolhas ao longo do tempo podem gerar efeitos consistentes.<\/p>\n<h2><b>Sa\u00fade tamb\u00e9m \u00e9 contexto<\/b><\/h2>\n<p><span style=\"font-weight: 400\">Al\u00e9m dos h\u00e1bitos individuais, \u00e9 fundamental ampliar o olhar. Sa\u00fade n\u00e3o est\u00e1 apenas no ambiente cl\u00ednico. Ela tamb\u00e9m depende de fatores como acesso \u00e0 informa\u00e7\u00e3o, suporte familiar, condi\u00e7\u00f5es de vida e acompanhamento adequado.<\/span><\/p>\n<p><span style=\"font-weight: 400\">No contexto oncol\u00f3gico, isso se torna ainda mais evidente. Ter acesso a um cuidado estruturado, com acompanhamento cont\u00ednuo, faz diferen\u00e7a n\u00e3o apenas nos resultados, mas na forma como a jornada \u00e9 vivida.<\/span><\/p>\n<h2><b>O que significa estar saud\u00e1vel?<\/b><\/h2>\n<p><span style=\"font-weight: 400\">Para quem vive um diagn\u00f3stico oncol\u00f3gico, sa\u00fade pode significar equil\u00edbrio poss\u00edvel, manejo adequado dos sintomas, suporte emocional e continuidade da vida com dignidade.<\/span><\/p>\n<p><span style=\"font-weight: 400\">Falar sobre qualidade de vida, nesse cen\u00e1rio, \u00e9 reconhecer que o cuidado vai al\u00e9m do tratamento. Est\u00e1 na escuta, no acompanhamento e na forma como cada etapa da jornada \u00e9 conduzida.<\/span><\/p>\n<p><span style=\"font-weight: 400\">Na <a href=\"https:\/\/cromaoncologia.com.br\/\">Croma Oncologia<\/a>, esse olhar se traduz em um modelo de cuidado coordenado, com acompanhamento individualizado e aten\u00e7\u00e3o a cada dimens\u00e3o da jornada oncol\u00f3gica, sempre com foco no que realmente importa: a pessoa.<\/span><\/p>\n\n","protected":false},"excerpt":{"rendered":"<p>Falar sobre qualidade de vida \u00e9 reconhecer que sa\u00fade n\u00e3o se resume \u00e0 aus\u00eancia de doen\u00e7a, mas envolve equil\u00edbrio f\u00edsico, emocional e social, especialmente para quem vive um diagn\u00f3stico oncol\u00f3gico. Qualidade de vida e o novo cen\u00e1rio da sa\u00fade Segundo a Organiza\u00e7\u00e3o Mundial da Sa\u00fade (OMS), sa\u00fade \u00e9 um estado de completo bem-estar f\u00edsico, mental [&hellip;]<\/p>\n","protected":false},"author":8,"featured_media":455,"comment_status":"open","ping_status":"open","sticky":false,"template":"","format":"standard","meta":{"_acf_changed":false,"om_disable_all_campaigns":false,"_monsterinsights_skip_tracking":false,"_monsterinsights_sitenote_active":false,"_monsterinsights_sitenote_note":"","_monsterinsights_sitenote_category":0,"footnotes":""},"categories":[3,6],"tags":[65,64,46],"class_list":["post-445","post","type-post","status-publish","format-standard","has-post-thumbnail","hentry","category-diagnostico","category-prevencao","tag-qualidade-de-vida","tag-saude","tag-tratamento-oncologico"],"acf":[],"aioseo_notices":[],"_links":{"self":[{"href":"https:\/\/cromaoncologia.com.br\/sobre-o-cancer\/wp-json\/wp\/v2\/posts\/445","targetHints":{"allow":["GET"]}}],"collection":[{"href":"https:\/\/cromaoncologia.com.br\/sobre-o-cancer\/wp-json\/wp\/v2\/posts"}],"about":[{"href":"https:\/\/cromaoncologia.com.br\/sobre-o-cancer\/wp-json\/wp\/v2\/types\/post"}],"author":[{"embeddable":true,"href":"https:\/\/cromaoncologia.com.br\/sobre-o-cancer\/wp-json\/wp\/v2\/users\/8"}],"replies":[{"embeddable":true,"href":"https:\/\/cromaoncologia.com.br\/sobre-o-cancer\/wp-json\/wp\/v2\/comments?post=445"}],"version-history":[{"count":6,"href":"https:\/\/cromaoncologia.com.br\/sobre-o-cancer\/wp-json\/wp\/v2\/posts\/445\/revisions"}],"predecessor-version":[{"id":457,"href":"https:\/\/cromaoncologia.com.br\/sobre-o-cancer\/wp-json\/wp\/v2\/posts\/445\/revisions\/457"}],"wp:featuredmedia":[{"embeddable":true,"href":"https:\/\/cromaoncologia.com.br\/sobre-o-cancer\/wp-json\/wp\/v2\/media\/455"}],"wp:attachment":[{"href":"https:\/\/cromaoncologia.com.br\/sobre-o-cancer\/wp-json\/wp\/v2\/media?parent=445"}],"wp:term":[{"taxonomy":"category","embeddable":true,"href":"https:\/\/cromaoncologia.com.br\/sobre-o-cancer\/wp-json\/wp\/v2\/categories?post=445"},{"taxonomy":"post_tag","embeddable":true,"href":"https:\/\/cromaoncologia.com.br\/sobre-o-cancer\/wp-json\/wp\/v2\/tags?post=445"}],"curies":[{"name":"wp","href":"https:\/\/api.w.org\/{rel}","templated":true}]}}