{"id":451,"date":"2026-04-24T14:52:49","date_gmt":"2026-04-24T17:52:49","guid":{"rendered":"https:\/\/cromaoncologia.com.br\/sobre-o-cancer\/?p=451"},"modified":"2026-04-24T14:52:49","modified_gmt":"2026-04-24T17:52:49","slug":"estimativa-de-cancer-no-brasil-em-2026-o-que-os-dados-do-inca-revelam","status":"publish","type":"post","link":"https:\/\/cromaoncologia.com.br\/sobre-o-cancer\/estimativa-de-cancer-no-brasil-em-2026-o-que-os-dados-do-inca-revelam\/","title":{"rendered":"Estimativa de c\u00e2ncer no Brasil em 2026: o que os dados do INCA revelam"},"content":{"rendered":"<p data-start=\"769\" data-end=\"1036\">A <strong data-start=\"831\" data-end=\"870\">estimativa de c\u00e2ncer no Brasil 2026<\/strong>, divulgada pelo <a href=\"https:\/\/www.gov.br\/inca\/pt-br\/assuntos\/noticias\/2026\/inca-estima-781-mil-novos-casos-de-cancer-por-ano-no-brasil-entre-2026-e-2028\">Instituto Nacional de C\u00e2ncer (INCA)<\/a>, traz um dado importante: para o tri\u00eanio 2026\u20132028, a previs\u00e3o \u00e9 de cerca de 781 mil novos casos por ano no pa\u00eds.<\/p>\n<p><span style=\"font-weight: 400\">Esse n\u00famero, por si s\u00f3, chama aten\u00e7\u00e3o. No entanto, mais do que gerar preocupa\u00e7\u00e3o, ele deve orientar decis\u00f5es, tanto individuais quanto coletivas, sobre preven\u00e7\u00e3o, diagn\u00f3stico precoce e acesso ao cuidado oncol\u00f3gico.<br \/>\n<\/span><\/p>\n<h2><b>O <strong data-start=\"831\" data-end=\"870\">c\u00e2ncer no Brasil<\/strong><\/b><\/h2>\n<p><span style=\"font-weight: 400\">Em primeiro lugar, os dados mostram que o c\u00e2ncer continua sendo um desafio relevante de sa\u00fade p\u00fablica no Brasil. Al\u00e9m disso, evidenciam um ponto central: o pa\u00eds ainda vive realidades muito diferentes quando o assunto \u00e9 preven\u00e7\u00e3o e diagn\u00f3stico precoce.<\/span><\/p>\n<p><span style=\"font-weight: 400\">Enquanto algumas regi\u00f5es avan\u00e7am no acesso a exames e acompanhamento, outras ainda enfrentam barreiras que impactam diretamente o momento do diagn\u00f3stico. Como resultado, muitos casos s\u00e3o identificados em est\u00e1gios mais avan\u00e7ados, o que pode tornar a jornada mais complexa.<\/p>\n<p><\/span><span style=\"font-weight: 400\">Entre os tipos <\/span><span style=\"font-weight: 400\">de tumores <\/span><span style=\"font-weight: 400\">mais incidentes, destacam-se:<\/span><\/p>\n<ul data-start=\"87\" data-end=\"134\">\n<li data-section-id=\"157oe3s\" data-start=\"87\" data-end=\"95\">mama<\/li>\n<li data-section-id=\"1678xqi\" data-start=\"96\" data-end=\"108\">pr\u00f3stata<\/li>\n<li data-section-id=\"jfi7uo\" data-start=\"109\" data-end=\"119\">pulm\u00e3o<\/li>\n<li data-section-id=\"6cno63\" data-start=\"120\" data-end=\"134\">colorretal<\/li>\n<\/ul>\n<p><span style=\"font-weight: 400\">Cada um deles refor\u00e7a a import\u00e2ncia de estrat\u00e9gias espec\u00edficas de rastreamento e acompanhamento cont\u00ednuo.<\/span><\/p>\n<h2><b>Por que o diagn\u00f3stico precoce faz diferen\u00e7a<\/b><\/h2>\n<p><span style=\"font-weight: 400\">Quando falamos em c\u00e2ncer, o tempo tem um papel importante. Isso porque identificar a doen\u00e7a em fases iniciais amplia as possibilidades de cuidado e aumenta as chances de sobrevida e cura ao longo da jornada.<\/span><\/p>\n<p><span style=\"font-weight: 400\">Por outro lado, o diagn\u00f3stico tardio pode exigir tratamentos mais complexos e impactar a qualidade de vida ao longo da jornada. Por isso, exames de rotina e aten\u00e7\u00e3o aos sinais do corpo s\u00e3o atitudes que fazem a diferen\u00e7a.<\/span><\/p>\n<p><span style=\"font-weight: 400\">Al\u00e9m disso, campanhas de conscientiza\u00e7\u00e3o e acesso \u00e0 informa\u00e7\u00e3o ajudam a reduzir o intervalo entre o aparecimento de sintomas e a busca por avalia\u00e7\u00e3o m\u00e9dica.<\/span><\/p>\n<h2>A preven\u00e7\u00e3o do c\u00e2ncer no Brasil como ponto de partida<\/h2>\n<p><span style=\"font-weight: 400\">A grande maioria (90% a 95%) dos casos c\u00e2nceres apresentam etiologia espor\u00e1dica, isso significa que o surgimento da doen\u00e7a est\u00e1 ligado principalmente ao envelhecimento, fatores de risco e estilo de vida. Ou seja, existem caminhos poss\u00edveis para reduzir esse risco no dia a dia.<br \/>\n<\/span><\/p>\n<p><span style=\"font-weight: 400\">Entre as principais estrat\u00e9gias de preven\u00e7\u00e3o, destacam-se:<\/span><\/p>\n<ul>\n<li style=\"font-weight: 400\"><span style=\"font-weight: 400\">manter uma alimenta\u00e7\u00e3o equilibrada<\/span><\/li>\n<li style=\"font-weight: 400\"><span style=\"font-weight: 400\">praticar atividade f\u00edsica regularmente<\/span><\/li>\n<li style=\"font-weight: 400\"><span style=\"font-weight: 400\">evitar o tabagismo<\/span><\/li>\n<li style=\"font-weight: 400\"><span style=\"font-weight: 400\">reduzir o consumo de \u00e1lcool<\/span><\/li>\n<li style=\"font-weight: 400\"><span style=\"font-weight: 400\">manter o acompanhamento m\u00e9dico em dia<\/span><\/li>\n<\/ul>\n<p><span style=\"font-weight: 400\">Essas escolhas, quando incorporadas \u00e0 rotina, contribuem para a sa\u00fade de forma ampla \u2014 n\u00e3o apenas na preven\u00e7\u00e3o do c\u00e2ncer.<\/span><\/p>\n<h2><b>A import\u00e2ncia do acesso ao cuidado oncol\u00f3gico<\/b><\/h2>\n<p><span style=\"font-weight: 400\">Al\u00e9m da preven\u00e7\u00e3o e do diagn\u00f3stico, os dados tamb\u00e9m refor\u00e7am outro ponto essencial: o acesso ao cuidado precisa ser ampliado e organizado de forma integrada.<\/span><\/p>\n<p><span style=\"font-weight: 400\">Isso significa olhar para a jornada do paciente como um todo, desde a suspeita inicial at\u00e9 o acompanhamento cont\u00ednuo, garantindo que cada etapa aconte\u00e7a de forma coordenada.<\/span><\/p>\n<p><span style=\"font-weight: 400\">Nesse contexto, modelos de cuidado que integram diferentes especialidades e promovem uma vis\u00e3o completa da jornada oncol\u00f3gica ganham ainda mais relev\u00e2ncia. Eles permitem decis\u00f5es mais alinhadas e um acompanhamento mais pr\u00f3ximo ao longo do tempo.<\/span><\/p>\n<h2><b>Como transformar informa\u00e7\u00e3o em a\u00e7\u00e3o<\/b><\/h2>\n<p><span style=\"font-weight: 400\">Diante desse cen\u00e1rio, os dados representam um ponto de partida.<\/span><\/p>\n<p><span style=\"font-weight: 400\">Para a popula\u00e7\u00e3o, isso significa:<\/span><\/p>\n<ul>\n<li style=\"font-weight: 400\"><span style=\"font-weight: 400\">valorizar consultas e exames de rotina<\/span><\/li>\n<li style=\"font-weight: 400\"><span style=\"font-weight: 400\">buscar orienta\u00e7\u00e3o diante de qualquer altera\u00e7\u00e3o no corpo<\/span><\/li>\n<li style=\"font-weight: 400\"><span style=\"font-weight: 400\">adotar h\u00e1bitos que favore\u00e7am a sa\u00fade<\/span><\/li>\n<\/ul>\n<p><span style=\"font-weight: 400\">Para o sistema de sa\u00fade, o desafio \u00e9:<\/span><\/p>\n<ul>\n<li style=\"font-weight: 400\"><span style=\"font-weight: 400\">ampliar o acesso ao diagn\u00f3stico precoce<\/span><\/li>\n<li style=\"font-weight: 400\"><span style=\"font-weight: 400\">fortalecer a integra\u00e7\u00e3o entre profissionais<\/span><\/li>\n<li style=\"font-weight: 400\"><span style=\"font-weight: 400\">organizar a jornada de forma mais fluida<\/span><\/li>\n<\/ul>\n<h2><b>Um olhar para o cuidado<\/b><\/h2>\n<p><span style=\"font-weight: 400\">Falar sobre o c\u00e2ncer no Brasil tamb\u00e9m \u00e9 falar sobre acolhimento, orienta\u00e7\u00e3o e acompanhamento cont\u00ednuo. \u00c9 entender que cada etapa importa, e que informa\u00e7\u00e3o, quando bem utilizada, pode transformar a forma como o cuidado acontece.<\/span><\/p>\n<p><span style=\"font-weight: 400\">Na <a href=\"https:\/\/cromaoncologia.com.br\">Croma Oncologia<\/a>, esse olhar se traduz em um modelo de cuidado coordenado, que integra especialidades e acompanha cada pessoa de forma pr\u00f3xima ao longo da jornada oncol\u00f3gica, com suporte em cada etapa.<\/span><\/p>\n","protected":false},"excerpt":{"rendered":"<p>A estimativa de c\u00e2ncer no Brasil 2026, divulgada pelo Instituto Nacional de C\u00e2ncer (INCA), traz um dado importante: para o tri\u00eanio 2026\u20132028, a previs\u00e3o \u00e9 de cerca de 781 mil novos casos por ano no pa\u00eds. Esse n\u00famero, por si s\u00f3, chama aten\u00e7\u00e3o. No entanto, mais do que gerar preocupa\u00e7\u00e3o, ele deve orientar decis\u00f5es, tanto [&hellip;]<\/p>\n","protected":false},"author":8,"featured_media":458,"comment_status":"open","ping_status":"open","sticky":false,"template":"","format":"standard","meta":{"_acf_changed":false,"om_disable_all_campaigns":false,"_monsterinsights_skip_tracking":false,"_monsterinsights_sitenote_active":false,"_monsterinsights_sitenote_note":"","_monsterinsights_sitenote_category":0,"footnotes":""},"categories":[3,6,13],"tags":[62,61,63],"class_list":["post-451","post","type-post","status-publish","format-standard","has-post-thumbnail","hentry","category-diagnostico","category-prevencao","category-tipos-de-cancer","tag-cancer-2026","tag-cancer-no-brasil","tag-estimativa-de-cancer"],"acf":[],"aioseo_notices":[],"_links":{"self":[{"href":"https:\/\/cromaoncologia.com.br\/sobre-o-cancer\/wp-json\/wp\/v2\/posts\/451","targetHints":{"allow":["GET"]}}],"collection":[{"href":"https:\/\/cromaoncologia.com.br\/sobre-o-cancer\/wp-json\/wp\/v2\/posts"}],"about":[{"href":"https:\/\/cromaoncologia.com.br\/sobre-o-cancer\/wp-json\/wp\/v2\/types\/post"}],"author":[{"embeddable":true,"href":"https:\/\/cromaoncologia.com.br\/sobre-o-cancer\/wp-json\/wp\/v2\/users\/8"}],"replies":[{"embeddable":true,"href":"https:\/\/cromaoncologia.com.br\/sobre-o-cancer\/wp-json\/wp\/v2\/comments?post=451"}],"version-history":[{"count":4,"href":"https:\/\/cromaoncologia.com.br\/sobre-o-cancer\/wp-json\/wp\/v2\/posts\/451\/revisions"}],"predecessor-version":[{"id":460,"href":"https:\/\/cromaoncologia.com.br\/sobre-o-cancer\/wp-json\/wp\/v2\/posts\/451\/revisions\/460"}],"wp:featuredmedia":[{"embeddable":true,"href":"https:\/\/cromaoncologia.com.br\/sobre-o-cancer\/wp-json\/wp\/v2\/media\/458"}],"wp:attachment":[{"href":"https:\/\/cromaoncologia.com.br\/sobre-o-cancer\/wp-json\/wp\/v2\/media?parent=451"}],"wp:term":[{"taxonomy":"category","embeddable":true,"href":"https:\/\/cromaoncologia.com.br\/sobre-o-cancer\/wp-json\/wp\/v2\/categories?post=451"},{"taxonomy":"post_tag","embeddable":true,"href":"https:\/\/cromaoncologia.com.br\/sobre-o-cancer\/wp-json\/wp\/v2\/tags?post=451"}],"curies":[{"name":"wp","href":"https:\/\/api.w.org\/{rel}","templated":true}]}}