{"id":93,"date":"2025-06-10T10:41:22","date_gmt":"2025-06-10T13:41:22","guid":{"rendered":"https:\/\/cromaoncologia.com.br\/blog\/?p=93"},"modified":"2026-04-13T23:57:39","modified_gmt":"2026-04-14T02:57:39","slug":"tipos-de-cancer","status":"publish","type":"post","link":"https:\/\/cromaoncologia.com.br\/sobre-o-cancer\/tipos-de-cancer\/","title":{"rendered":"Tipos de c\u00e2ncer: entenda as diferen\u00e7as"},"content":{"rendered":"<h2 style=\"text-align: left;\"><b>Tipos de c\u00e2ncer: entenda as diferen\u00e7as<\/b><\/h2>\n<p><span style=\"font-weight: 400;\">Ap\u00f3s um exame de rotina, a not\u00edcia preocupante: havia suspeita de c\u00e2ncer. \u00c9 assim que, de repente, milhares de pessoas s\u00e3o lan\u00e7adas em uma jornada repleta de d\u00favidas, ang\u00fastias e incertezas. <\/span><\/p>\n<p><span style=\"font-weight: 400;\">Entender claramente quais s\u00e3o os <\/span><b>tipos de c\u00e2ncer<\/b><span style=\"font-weight: 400;\"> e como identific\u00e1-los rapidamente pode ser decisivo nesse momento t\u00e3o delicado.<\/span><\/p>\n<p><span style=\"font-weight: 400;\">Para lidar com o c\u00e2ncer da melhor forma poss\u00edvel, \u00e9 fundamental conhecer suas diferen\u00e7as e sintomas espec\u00edficos. <\/span><\/p>\n<p><span style=\"font-weight: 400;\">Apenas no Brasil, segundo o <\/span><a href=\"https:\/\/ninho.inca.gov.br\/jspui\/bitstream\/123456789\/14480\/1\/RedeCancer_ed51_epidemiologia.pdf\"><span style=\"font-weight: 400;\">Instituto Nacional do C\u00e2ncer (INCA)<\/span><\/a><span style=\"font-weight: 400;\">, s\u00e3o previstos aproximadamente <\/span><b>704 mil novos casos em 2025<\/b><span style=\"font-weight: 400;\">, tornando essa doen\u00e7a uma das maiores preocupa\u00e7\u00f5es de sa\u00fade p\u00fablica do pa\u00eds.\u00a0<\/span><\/p>\n<p><span style=\"font-weight: 400;\">Saber identificar precocemente os diferentes tipos de c\u00e2ncer e os tipos de c\u00e2ncer mais graves aumenta muito as chances de sucesso no tratamento. <\/span><\/p>\n<p><span style=\"font-weight: 400;\">Dessa forma, o impacto emocional e f\u00edsico dessa jornada tende a ser menor, tanto para pacientes quanto para familiares.\u00a0<\/span><\/p>\n<p><span style=\"font-weight: 400;\">Por isso, preparamos um guia completo com orienta\u00e7\u00f5es valiosas que podem fazer toda a diferen\u00e7a em sua vida ou na vida de algu\u00e9m que voc\u00ea ama. <\/span><\/p>\n<p><span style=\"font-weight: 400;\">Continue a leitura para descobrir detalhes importantes sobre os principais tipos de c\u00e2ncer. <\/span><\/p>\n\n<h2><b>Quais s\u00e3o os tipos de c\u00e2ncer e como identific\u00e1-los?<\/b><\/h2>\n<p><span style=\"font-weight: 400;\">De acordo com a publica\u00e7\u00e3o <\/span><a href=\"https:\/\/ninho.inca.gov.br\/jspui\/bitstream\/123456789\/14480\/1\/RedeCancer_ed51_epidemiologia.pdf\"><span style=\"font-weight: 400;\">Rede C\u00e2ncer<\/span><\/a><span style=\"font-weight: 400;\">, do INCA, alguns dos tipos de c\u00e2ncer mais comuns incluem <\/span><b>c\u00e2ncer de mama, pr\u00f3stata, pulm\u00e3o, colorretal e pele<\/b><span style=\"font-weight: 400;\">, todos apresentando sinais particulares que devem ser observados cuidadosamente.<\/span><\/p>\n<p><span style=\"font-weight: 400;\">Os sintomas de c\u00e2ncer que podem indicar a presen\u00e7a da doen\u00e7a incluem:<\/span><\/p>\n<ul>\n<li style=\"font-weight: 400;\" aria-level=\"1\"><span style=\"font-weight: 400;\">surgimento de caro\u00e7os persistentes<\/span><\/li>\n<li style=\"font-weight: 400;\" aria-level=\"1\"><span style=\"font-weight: 400;\">perda inexplic\u00e1vel de peso<\/span><\/li>\n<li style=\"font-weight: 400;\" aria-level=\"1\"><span style=\"font-weight: 400;\">mudan\u00e7as no aspecto da pele<\/span><\/li>\n<li style=\"font-weight: 400;\" aria-level=\"1\"><span style=\"font-weight: 400;\">tosse prolongada<\/span><\/li>\n<li style=\"font-weight: 400;\" aria-level=\"1\"><span style=\"font-weight: 400;\">altera\u00e7\u00f5es intestinais e urin\u00e1rias<\/span><\/li>\n<li style=\"font-weight: 400;\" aria-level=\"1\"><span style=\"font-weight: 400;\">sangramentos sem causa aparente<\/span><\/li>\n<\/ul>\n<p><span style=\"font-weight: 400;\">Por isso, reconhecer esses sinais precocemente e procurar avalia\u00e7\u00e3o m\u00e9dica especializada \u00e9 decisivo para proporcionar um diagn\u00f3stico r\u00e1pido e aumentar as possibilidades de sucesso no tratamento.<\/span><\/p>\n<h2><b>O que \u00e9 c\u00e2ncer?<\/b><\/h2>\n<p><span style=\"font-weight: 400;\">C\u00e2ncer \u00e9 uma doen\u00e7a caracterizada pelo<\/span><b> crescimento descontrolado de c\u00e9lulas anormais<\/b><span style=\"font-weight: 400;\">. <\/span><\/p>\n<p><span style=\"font-weight: 400;\">Ou seja, em condi\u00e7\u00f5es normais, as c\u00e9lulas crescem e se dividem de maneira organizada.\u00a0<\/span><\/p>\n<p><span style=\"font-weight: 400;\">Por\u00e9m, quando ocorrem altera\u00e7\u00f5es ou danos no DNA dessas c\u00e9lulas \u2013 que podem ser provocados por fatores gen\u00e9ticos ou ambientais \u2013, o processo de divis\u00e3o celular \u00e9 prejudicado.\u00a0<\/span><\/p>\n<p><span style=\"font-weight: 400;\">Essa altera\u00e7\u00e3o tem como consequ\u00eancia uma multiplica\u00e7\u00e3o descontrolada das c\u00e9lulas e a forma\u00e7\u00e3o de tumores malignos capazes de invadir outros tecidos e \u00f3rg\u00e3os (met\u00e1stase).<\/span><\/p>\n<p><span style=\"font-weight: 400;\">Nesse sentido, o c\u00e2ncer pode surgir por diversos fatores, como:<\/span><\/p>\n<ul>\n<li style=\"font-weight: 400;\" aria-level=\"1\"><span style=\"font-weight: 400;\">quest\u00f5es gen\u00e9ticas<\/span><\/li>\n<li style=\"font-weight: 400;\" aria-level=\"1\"><span style=\"font-weight: 400;\">h\u00e1bitos pouco saud\u00e1veis (tabagismo, sedentarismo e m\u00e1 alimenta\u00e7\u00e3o)<\/span><\/li>\n<li style=\"font-weight: 400;\" aria-level=\"1\"><span style=\"font-weight: 400;\">exposi\u00e7\u00e3o a subst\u00e2ncias qu\u00edmicas ou radia\u00e7\u00e3o<\/span><\/li>\n<li style=\"font-weight: 400;\" aria-level=\"1\"><span style=\"font-weight: 400;\">infec\u00e7\u00f5es por determinados v\u00edrus (como HPV e hepatite B)<\/span><\/li>\n<\/ul>\n<p><span style=\"font-weight: 400;\">Um <\/span><a href=\"https:\/\/www.infomoney.com.br\/saude\/casos-de-cancer-devem-quase-dobrar-globalmente-ate-2050-aponta-pesquisa\/\"><span style=\"font-weight: 400;\">levantamento do Global Cancer Observatory (Globocan)<\/span><\/a><span style=\"font-weight: 400;\">, uma base de dados estat\u00edsticos de c\u00e2ncer da Ag\u00eancia Internacional de Pesquisa em C\u00e2ncer (IARC), estima que, at\u00e9 2050, <\/span><b>o mundo deve registrar mais de 35 milh\u00f5es de casos de c\u00e2ncer.\u00a0<\/b><\/p>\n<p><span style=\"font-weight: 400;\">Para pa\u00edses menos desenvolvidos e em desenvolvimento, incluindo o Brasil, esse aumento deve superar os 100%, ou seja, em 25 anos <\/span><b>devemos dobrar o n\u00famero de casos no pa\u00eds<\/b><span style=\"font-weight: 400;\">.\u00a0<\/span><\/p>\n<p><span style=\"font-weight: 400;\">Diante desse cen\u00e1rio, o fator determinante para o sucesso do tratamento \u00e9, sem d\u00favida, o <\/span><b>diagn\u00f3stico precoce.<\/b><\/p>\n<h2><b>Quais s\u00e3o os tipos de c\u00e2ncer mais comuns no Brasil?<\/b><\/h2>\n\n<p><img fetchpriority=\"high\" decoding=\"async\" class=\"alignnone wp-image-143 size-full\" src=\"https:\/\/cromaoncologia.com.br\/sobre-o-cancer\/wp-content\/uploads\/2025\/06\/banner-02.png\" alt=\"Quais s\u00e3o os tipos de c\u00e2ncer mais comuns no Brasil?\" width=\"658\" height=\"331\" srcset=\"https:\/\/cromaoncologia.com.br\/sobre-o-cancer\/wp-content\/uploads\/2025\/06\/banner-02.png 658w, https:\/\/cromaoncologia.com.br\/sobre-o-cancer\/wp-content\/uploads\/2025\/06\/banner-02-300x151.png 300w\" sizes=\"(max-width: 658px) 100vw, 658px\" \/><\/p>\n\n<p><span style=\"font-weight: 400;\">O Brasil apresenta uma incid\u00eancia crescente de diferentes tipos de c\u00e2ncer, influenciada por <\/span><b>h\u00e1bitos de vida, fatores ambientais e aumento da expectativa de vida<\/b><span style=\"font-weight: 400;\">. <\/span><\/p>\n<p><span style=\"font-weight: 400;\">Alguns tipos s\u00e3o especialmente prevalentes, exigindo aten\u00e7\u00e3o redobrada para reconhecimento precoce e tratamento eficaz.<\/span><\/p>\n<p><span style=\"font-weight: 400;\">Conhe\u00e7a a seguir os tipos de c\u00e2ncer mais frequentes no pa\u00eds, seus principais sintomas e como \u00e9 poss\u00edvel detect\u00e1-los precocemente para ter melhores chances de sucesso no tratamento.<\/span><\/p>\n<h3><b>C\u00e2ncer de mama<\/b><\/h3>\n<p><span style=\"font-weight: 400;\">O c\u00e2ncer de mama<\/span><b> afeta cerca de 74 mil mulheres por ano no Brasil<\/b><span style=\"font-weight: 400;\">, representando 30% dos novos casos diagnosticados anualmente, segundo dados de 2023 do INCA. <\/span><\/p>\n<p><span style=\"font-weight: 400;\">Geralmente detectado por mamografia, ele pode manifestar-se por n\u00f3dulos, mudan\u00e7as na pele da mama ou altera\u00e7\u00f5es no mamilo.<\/span><\/p>\n<p><span style=\"font-weight: 400;\">Os <\/span><b>sintomas de c\u00e2ncer de mama<\/b><span style=\"font-weight: 400;\"> mais comuns incluem:<\/span><\/p>\n<ul>\n<li style=\"font-weight: 400;\" aria-level=\"1\"><span style=\"font-weight: 400;\">caro\u00e7os firmes e indolores<\/span><\/li>\n<li style=\"font-weight: 400;\" aria-level=\"1\"><span style=\"font-weight: 400;\">altera\u00e7\u00f5es no tamanho ou formato das mamas<\/span><\/li>\n<li style=\"font-weight: 400;\" aria-level=\"1\"><span style=\"font-weight: 400;\">vermelhid\u00e3o ou aspecto semelhante \u00e0 casca de laranja na pele<\/span><\/li>\n<li style=\"font-weight: 400;\" aria-level=\"1\"><span style=\"font-weight: 400;\">invers\u00e3o ou secre\u00e7\u00e3o do mamilo<\/span><\/li>\n<li style=\"font-weight: 400;\" aria-level=\"1\"><span style=\"font-weight: 400;\">dor persistente nas mamas ou axilas<\/span><\/li>\n<\/ul>\n<p><span style=\"font-weight: 400;\">Al\u00e9m dos exames m\u00e9dicos, \u00e9 fundamental que as mulheres fa\u00e7am o autoexame regularmente para perceber altera\u00e7\u00f5es precocemente.<\/span><\/p>\n<p><span style=\"font-weight: 400;\">Existem diferentes tipos de c\u00e2ncer de mama, sendo os principais:<\/span><\/p>\n<ul>\n<li style=\"font-weight: 400;\" aria-level=\"1\"><b>carcinoma ductal<\/b><span style=\"font-weight: 400;\">, que come\u00e7a nos ductos mam\u00e1rios<\/span><\/li>\n<li style=\"font-weight: 400;\" aria-level=\"1\"><b>carcinoma lobular<\/b><span style=\"font-weight: 400;\">, que inicia nos l\u00f3bulos respons\u00e1veis pela produ\u00e7\u00e3o do leite<\/span><\/li>\n<\/ul>\n<p><span style=\"font-weight: 400;\">Identificar o tipo espec\u00edfico \u00e9 essencial para definir a abordagem terap\u00eautica mais eficaz.<\/span><\/p>\n<h3><b>C\u00e2ncer de pr\u00f3stata<\/b><\/h3>\n<p><span style=\"font-weight: 400;\">O c\u00e2ncer de pr\u00f3stata \u00e9 o tipo mais comum em homens brasileiros, com aproximadamente <\/span><b>72 mil novos casos anuais previstos at\u00e9 2025<\/b><span style=\"font-weight: 400;\">, segundo o INCA.\u00a0<\/span><\/p>\n<p><span style=\"font-weight: 400;\">\u00c9 importante observar <\/span><b>sintomas de c\u00e2ncer de pr\u00f3stata<\/b><span style=\"font-weight: 400;\"> relevantes, como:<\/span><\/p>\n<ul>\n<li style=\"font-weight: 400;\" aria-level=\"1\"><span style=\"font-weight: 400;\">dificuldade para urinar<\/span><\/li>\n<li style=\"font-weight: 400;\" aria-level=\"1\"><span style=\"font-weight: 400;\">jato urin\u00e1rio fraco<\/span><\/li>\n<li style=\"font-weight: 400;\" aria-level=\"1\"><span style=\"font-weight: 400;\">necessidade frequente de urinar \u00e0 noite\u00a0<\/span><\/li>\n<li style=\"font-weight: 400;\" aria-level=\"1\"><span style=\"font-weight: 400;\">sensa\u00e7\u00e3o de n\u00e3o conseguir esvaziar totalmente a bexiga<\/span><\/li>\n<li style=\"font-weight: 400;\" aria-level=\"1\"><span style=\"font-weight: 400;\">presen\u00e7a de sangue na urina ou no s\u00eamen<\/span><\/li>\n<li style=\"font-weight: 400;\" aria-level=\"1\"><span style=\"font-weight: 400;\">dor na regi\u00e3o p\u00e9lvica<\/span><\/li>\n<li style=\"font-weight: 400;\" aria-level=\"1\"><span style=\"font-weight: 400;\">desconforto persistente na parte inferior das costas<\/span><\/li>\n<\/ul>\n<p><span style=\"font-weight: 400;\">Exames preventivos anuais, como o toque retal e o PSA (Ant\u00edgeno Prost\u00e1tico Espec\u00edfico, que \u00e9 uma prote\u00edna produzida pela pr\u00f3stata),\u00a0 s\u00e3o recomendados a partir dos 50 anos ou antes, dependendo do hist\u00f3rico familiar.<\/span><\/p>\n<h3><b>C\u00e2ncer colorretal<\/b><\/h3>\n<p><span style=\"font-weight: 400;\">O c\u00e2ncer colorretal \u00e9 o terceiro tipo mais frequente no pa\u00eds, com cerca de <\/span><b>46 mil novos casos estimados por ano at\u00e9 2025<\/b><span style=\"font-weight: 400;\">, a partir de estudo epidemiol\u00f3gico do INCA.\u00a0<\/span><\/p>\n<p><a href=\"https:\/\/agenciabrasil.ebc.com.br\/saude\/noticia\/2025-03\/casos-de-cancer-colorretal-devem-aumentar-21-no-brasil-ate-2040\"><span style=\"font-weight: 400;\">Outro estudo recente da Funda\u00e7\u00e3o do C\u00e2ncer<\/span><\/a><span style=\"font-weight: 400;\">, aponta que o n\u00famero de novos casos deve aumentar 21% entre 2030 e 2040. <\/span><\/p>\n<p><span style=\"font-weight: 400;\">A estimativa \u00e9 que mais de 88% dos casos em 2040 estejam concentrados em pessoas com mais de 50 anos.\u00a0<\/span><\/p>\n<p><span style=\"font-weight: 400;\">Os sintomas de c\u00e2ncer colorretal incluem:<\/span><\/p>\n<ul>\n<li style=\"font-weight: 400;\" aria-level=\"1\"><span style=\"font-weight: 400;\">sangue nas fezes<\/span><\/li>\n<li style=\"font-weight: 400;\" aria-level=\"1\"><span style=\"font-weight: 400;\">altera\u00e7\u00f5es frequentes nos h\u00e1bitos intestinais<\/span><\/li>\n<li style=\"font-weight: 400;\" aria-level=\"1\"><span style=\"font-weight: 400;\">perda inexplic\u00e1vel de peso<\/span><\/li>\n<li style=\"font-weight: 400;\" aria-level=\"1\"><span style=\"font-weight: 400;\">c\u00f3licas abdominais recorrentes<\/span><\/li>\n<li style=\"font-weight: 400;\" aria-level=\"1\"><span style=\"font-weight: 400;\">cansa\u00e7o extremo<\/span><\/li>\n<\/ul>\n<p><span style=\"font-weight: 400;\">A colonoscopia peri\u00f3dica ap\u00f3s os 50 anos \u00e9 essencial para diagn\u00f3stico precoce, especialmente diante do aumento recente da mortalidade precoce relacionada a esse tipo de c\u00e2ncer.<\/span><\/p>\n<p><span style=\"font-weight: 400;\">O <\/span><b>tratamento do c\u00e2ncer colorretal<\/b><span style=\"font-weight: 400;\"> geralmente envolve cirurgia para retirada do tumor, podendo ser acompanhada de radioterapia ou quimioterapia para reduzir o risco de retorno da doen\u00e7a.\u00a0<\/span><\/p>\n<p><span style=\"font-weight: 400;\">No entanto, em casos avan\u00e7ados, tratamentos combinados com terapia-alvo e imunoterapia tamb\u00e9m t\u00eam se mostrado eficazes. <\/span><\/p>\n<p><span style=\"font-weight: 400;\">Com eles, \u00e9 poss\u00edvel ampliar as possibilidades terap\u00eauticas e melhorar significativamente o progn\u00f3stico dos pacientes.<\/span><\/p>\n<h3><b>C\u00e2ncer de pele<\/b><\/h3>\n<p><img decoding=\"async\" class=\"alignnone wp-image-144\" src=\"https:\/\/cromaoncologia.com.br\/blog\/wp-content\/uploads\/2025\/06\/banner-03-300x151.png\" alt=\"Dermatologista examinando a pele das costas de um paciente\" width=\"729\" height=\"367\" srcset=\"https:\/\/cromaoncologia.com.br\/sobre-o-cancer\/wp-content\/uploads\/2025\/06\/banner-03-300x151.png 300w, https:\/\/cromaoncologia.com.br\/sobre-o-cancer\/wp-content\/uploads\/2025\/06\/banner-03.png 658w\" sizes=\"(max-width: 729px) 100vw, 729px\" \/><\/p>\n\n<p><span style=\"font-weight: 400;\">Segundo dados do Minist\u00e9rio da Sa\u00fade, <\/span><a href=\"https:\/\/www.gov.br\/saude\/pt-br\/assuntos\/saude-de-a-a-z\/c\/cancer-de-pele#:~:text=%C3%89%20um%20tumor%20que%20atinge,pela%20exposi%C3%A7%C3%A3o%20excessiva%20ao%20sol.\"><span style=\"font-weight: 400;\">o c\u00e2ncer de pele \u00e9 o tipo mais frequente no Brasil<\/span><\/a><span style=\"font-weight: 400;\">, principalmente por conta da exposi\u00e7\u00e3o solar excessiva e desprotegida. Existem dois tipos principais de c\u00e2ncer de pele:\u00a0<\/span><\/p>\n<ul>\n<li style=\"font-weight: 400;\" aria-level=\"1\"><b>n\u00e3o melanoma<\/b><span style=\"font-weight: 400;\">, mais comum e menos agressivo<\/span><\/li>\n<li style=\"font-weight: 400;\" aria-level=\"1\"><b>melanoma<\/b><span style=\"font-weight: 400;\">, menos frequente, por\u00e9m mais grave devido \u00e0 possibilidade de met\u00e1stase<\/span><\/li>\n<\/ul>\n<p><span style=\"font-weight: 400;\">Os sintomas mais comuns de c\u00e2ncer de pele s\u00e3o:<\/span><\/p>\n<ul>\n<li style=\"font-weight: 400;\" aria-level=\"1\"><span style=\"font-weight: 400;\">surgimento de manchas ou pintas irregulares, que mudam de tamanho, forma ou cor<\/span><\/li>\n<li style=\"font-weight: 400;\" aria-level=\"1\"><span style=\"font-weight: 400;\">feridas na pele que n\u00e3o cicatrizam facilmente<\/span><\/li>\n<\/ul>\n<p><span style=\"font-weight: 400;\">O tratamento do c\u00e2ncer de pele geralmente inclui procedimentos cir\u00fargicos para remover completamente a les\u00e3o e \u00e1reas afetadas ao redor.\u00a0<\/span><\/p>\n<p><span style=\"font-weight: 400;\">Por\u00e9m, nos casos mais avan\u00e7ados ou espec\u00edficos de melanoma, podem ser necess\u00e1rios tratamentos adicionais como <\/span><b>radioterapia, quimioterapia, terapia-alvo ou imunoterapia.\u00a0<\/b><\/p>\n<p><span style=\"font-weight: 400;\">Al\u00e9m disso, \u00e9 essencial a preven\u00e7\u00e3o cont\u00ednua atrav\u00e9s do uso di\u00e1rio de protetor solar com fator adequado, evitar exposi\u00e7\u00e3o prolongada ao sol e consultas dermatol\u00f3gicas regulares para avalia\u00e7\u00f5es detalhadas.<\/span><\/p>\n<h2><b>Quais s\u00e3o os tipos de c\u00e2ncer maligno?<\/b><\/h2>\n<p><span style=\"font-weight: 400;\">Quando falamos sobre tipos de c\u00e2ncer mais graves, existem diferentes formas de classifica\u00e7\u00e3o da doen\u00e7a.\u00a0<\/span><\/p>\n<p><span style=\"font-weight: 400;\">Uma das formas mais importantes refere-se ao tipo de tecido onde o tumor maligno se origina, determinando seu comportamento e a abordagem mais adequada para tratamento.<\/span><\/p>\n<p><span style=\"font-weight: 400;\">Nesta se\u00e7\u00e3o, voc\u00ea vai entender <\/span><b>os principais tipos de c\u00e2ncer maligno<\/b><span style=\"font-weight: 400;\">, as caracter\u00edsticas que os diferenciam e quais s\u00e3o os sinais que indicam sua poss\u00edvel presen\u00e7a no organismo.<\/span><\/p>\n<h3><b>Carcinomas<\/b><\/h3>\n<p><span style=\"font-weight: 400;\">Os carcinomas s\u00e3o os <\/span><b>tipos de c\u00e2ncer maligno mais frequentes<\/b><span style=\"font-weight: 400;\">, originados nas c\u00e9lulas epiteliais que revestem \u00f3rg\u00e3os internos, pele e mucosas. Exemplos comuns s\u00e3o o <\/span><b>c\u00e2ncer de pele, pulm\u00e3o, est\u00f4mago e mama.\u00a0<\/b><\/p>\n<p><span style=\"font-weight: 400;\">Os sintomas do carcinoma de pele normalmente aparecem como feridas persistentes que n\u00e3o cicatrizam, manchas irregulares que mudam de forma ou cor, e podem se espalhar rapidamente se n\u00e3o tratados precocemente.<\/span><\/p>\n<p><span style=\"font-weight: 400;\">Por serem os mais comuns, os carcinomas recebem bastante aten\u00e7\u00e3o em campanhas preventivas.\u00a0<\/span><\/p>\n<p><span style=\"font-weight: 400;\">Exames como mamografia, endoscopia digestiva e consultas dermatol\u00f3gicas regulares s\u00e3o recomendados para identificar altera\u00e7\u00f5es suspeitas e ter mais chances de um tratamento precoce eficaz.<\/span><\/p>\n<h3><b>Sarcomas<\/b><\/h3>\n<p><span style=\"font-weight: 400;\">J\u00e1 os sarcomas s\u00e3o<\/span><b> tumores raros e agressivos<\/b><span style=\"font-weight: 400;\"> que se desenvolvem em tecidos conjuntivos como m\u00fasculos, ossos, gordura e cartilagens.\u00a0<\/span><\/p>\n<p><span style=\"font-weight: 400;\">Esses tumores frequentemente aparecem como n\u00f3dulos profundos, indolores e firmes, podendo passar despercebidos nos est\u00e1gios iniciais, o que torna seu diagn\u00f3stico precoce mais desafiador.<\/span><\/p>\n<p><span style=\"font-weight: 400;\">Devido \u00e0 sua raridade, muitas vezes h\u00e1 menor conhecimento popular sobre os sarcomas.\u00a0<\/span><\/p>\n<p><span style=\"font-weight: 400;\">Por isso, ao identificar caro\u00e7os suspeitos ou persistentes, especialmente nas extremidades do corpo ou \u00e1reas musculares profundas, \u00e9 essencial buscar avalia\u00e7\u00e3o m\u00e9dica especializada rapidamente.<\/span><\/p>\n<h3><b>Leucemias<\/b><\/h3>\n<p><span style=\"font-weight: 400;\">As leucemias s\u00e3o c\u00e2nceres que <\/span><b>afetam o sangue e a medula \u00f3ssea<\/b><span style=\"font-weight: 400;\">, caracterizando-se pela produ\u00e7\u00e3o exagerada e descontrolada de c\u00e9lulas sangu\u00edneas anormais.\u00a0<\/span><\/p>\n<p><span style=\"font-weight: 400;\">Nesse caso, os sintomas mais comuns de leucemia s\u00e3o:<\/span><\/p>\n<ul>\n<li style=\"font-weight: 400;\" aria-level=\"1\"><span style=\"font-weight: 400;\">anemia<\/span><\/li>\n<li style=\"font-weight: 400;\" aria-level=\"1\"><span style=\"font-weight: 400;\">fadiga intensa<\/span><\/li>\n<li style=\"font-weight: 400;\" aria-level=\"1\"><span style=\"font-weight: 400;\">febre persistente<\/span><\/li>\n<li style=\"font-weight: 400;\" aria-level=\"1\"><span style=\"font-weight: 400;\">facilidade para sangramentos<\/span><\/li>\n<li style=\"font-weight: 400;\" aria-level=\"1\"><span style=\"font-weight: 400;\">aumento de infec\u00e7\u00f5es (devido ao comprometimento do sistema imunol\u00f3gico)<\/span><\/li>\n<\/ul>\n<p><span style=\"font-weight: 400;\">Existem diferentes tipos de leucemias, sendo algumas de evolu\u00e7\u00e3o r\u00e1pida, como a <\/span><b>leucemia aguda<\/b><span style=\"font-weight: 400;\">, e outras mais lentas (cr\u00f4nicas).\u00a0<\/span><\/p>\n<p><span style=\"font-weight: 400;\">O tratamento para leucemia normalmente inclui:<\/span><\/p>\n<ul>\n<li style=\"font-weight: 400;\" aria-level=\"1\"><span style=\"font-weight: 400;\">quimioterapia<\/span><\/li>\n<li style=\"font-weight: 400;\" aria-level=\"1\"><span style=\"font-weight: 400;\">terapia-alvo<\/span><\/li>\n<li style=\"font-weight: 400;\" aria-level=\"1\"><span style=\"font-weight: 400;\">transplante de medula \u00f3ssea<\/span><\/li>\n<\/ul>\n<h3><b>Linfomas<\/b><\/h3>\n<p><span style=\"font-weight: 400;\">Linfomas s\u00e3o c\u00e2nceres que <\/span><b>ocorrem no sistema linf\u00e1tico<\/b><span style=\"font-weight: 400;\">, afetando principalmente os g\u00e2nglios linf\u00e1ticos, ba\u00e7o e outros \u00f3rg\u00e3os linf\u00e1ticos.\u00a0<\/span><\/p>\n<p><span style=\"font-weight: 400;\">Esse tipo de c\u00e2ncer pode ser identificado pelos seguintes sintomas:<\/span><\/p>\n<ul>\n<li style=\"font-weight: 400;\" aria-level=\"1\"><span style=\"font-weight: 400;\">aumento indolor e persistente dos linfonodos no pesco\u00e7o, axilas ou virilha<\/span><\/li>\n<li style=\"font-weight: 400;\" aria-level=\"1\"><span style=\"font-weight: 400;\">febre<\/span><\/li>\n<li style=\"font-weight: 400;\" aria-level=\"1\"><span style=\"font-weight: 400;\">suor noturno abundante<\/span><\/li>\n<li style=\"font-weight: 400;\" aria-level=\"1\"><span style=\"font-weight: 400;\">perda de peso sem motivo aparente<\/span><\/li>\n<\/ul>\n<p><span style=\"font-weight: 400;\">Os linfomas s\u00e3o tipos de c\u00e2ncer maligno que podem ser classificados como Hodgkin ou n\u00e3o Hodgkin, cada um com abordagens espec\u00edficas de tratamento.<\/span><\/p>\n<ul>\n<li style=\"font-weight: 400;\" aria-level=\"1\"><b>Linfoma de Hodgkin:<\/b><span style=\"font-weight: 400;\"> caracteriza-se pela presen\u00e7a das c\u00e9lulas de Reed-Sternberg. Geralmente tem progn\u00f3stico favor\u00e1vel e responde bem ao tratamento convencional com quimioterapia e radioterapia.<\/span><\/li>\n<li style=\"font-weight: 400;\" aria-level=\"1\"><b>Linfoma n\u00e3o Hodgkin:<\/b><span style=\"font-weight: 400;\"> mais comum, engloba diversos subtipos com diferentes n\u00edveis de agressividade. O tratamento pode envolver quimioterapia, radioterapia, imunoterapia e terapia-alvo, dependendo das caracter\u00edsticas do tumor.<\/span><\/li>\n<\/ul>\n<h3><b>Mieloma<\/b><\/h3>\n<p><span style=\"font-weight: 400;\">O mieloma m\u00faltiplo \u00e9 um tipo de <\/span><b>c\u00e2ncer maligno das c\u00e9lulas plasm\u00e1ticas na medula \u00f3ssea<\/b><span style=\"font-weight: 400;\">, c\u00e9lulas importantes na produ\u00e7\u00e3o de anticorpos.\u00a0<\/span><\/p>\n<p><span style=\"font-weight: 400;\">Entre os sintomas do mieloma podemos citar:\u00a0<\/span><\/p>\n<ul>\n<li style=\"font-weight: 400;\" aria-level=\"1\"><span style=\"font-weight: 400;\">dor \u00f3ssea intensa<\/span><\/li>\n<li style=\"font-weight: 400;\" aria-level=\"1\"><span style=\"font-weight: 400;\">anemia<\/span><\/li>\n<li style=\"font-weight: 400;\" aria-level=\"1\"><span style=\"font-weight: 400;\">fraturas espont\u00e2neas<\/span><\/li>\n<li style=\"font-weight: 400;\" aria-level=\"1\"><span style=\"font-weight: 400;\">insufici\u00eancia renal (devido ao dano \u00f3sseo extenso e \u00e0 libera\u00e7\u00e3o de prote\u00ednas anormais no sangue)<\/span><\/li>\n<\/ul>\n<p><span style=\"font-weight: 400;\">O tratamento do mieloma envolve terapias combinadas, como quimioterapia, terapia-alvo, imunoterapia e, em alguns casos, transplante de medula \u00f3ssea.\u00a0<\/span><\/p>\n<h3><b>Tumores malignos<\/b><\/h3>\n<p><span style=\"font-weight: 400;\">Tumores malignos s\u00e3o tipos de c\u00e2ncer que <\/span><b>podem surgir em praticamente qualquer \u00f3rg\u00e3o ou tecido do corpo.<\/b><span style=\"font-weight: 400;\">\u00a0 <\/span><\/p>\n<p><span style=\"font-weight: 400;\">Cada tipo possui caracter\u00edsticas espec\u00edficas e diferentes estrat\u00e9gias de tratamento.\u00a0<\/span><\/p>\n<p><span style=\"font-weight: 400;\">Os exemplos mais comuns s\u00e3o os tumores cerebrais, tumores hep\u00e1ticos e tumores pancre\u00e1ticos, todos conhecidos por apresentarem sintomas variados e espec\u00edficos, dependendo da sua localiza\u00e7\u00e3o e extens\u00e3o.<\/span><\/p>\n<p><span style=\"font-weight: 400;\">Al\u00e9m disso, devido \u00e0 variedade e complexidade dos tumores malignos, \u00e9 fundamental realizar avalia\u00e7\u00f5es m\u00e9dicas detalhadas e exames diagn\u00f3sticos espec\u00edficos.\u00a0<\/span><\/p>\n<p><span style=\"font-weight: 400;\">Por isso, \u00e9 recomendado que o paciente realize uma investiga\u00e7\u00e3o mais profunda sempre que houver sintomas persistentes ou altera\u00e7\u00f5es inexplic\u00e1veis na sa\u00fade, proporcionando assim uma abordagem adequada e personalizada para cada caso.<\/span><\/p>\n<h2><b>H\u00e1 sintomas comuns para todos os tipos de c\u00e2ncer?<\/b><\/h2>\n<p><span style=\"font-weight: 400;\">Embora cada tipo de c\u00e2ncer tenha seus sintomas espec\u00edficos, existem alguns sinais gerais que frequentemente aparecem em v\u00e1rios tipos da doen\u00e7a.\u00a0<\/span><\/p>\n<p><span style=\"font-weight: 400;\">Entre os sintomas mais comuns de c\u00e2ncer est\u00e3o:<\/span><\/p>\n<ul>\n<li style=\"font-weight: 400;\" aria-level=\"1\"><span style=\"font-weight: 400;\">fadiga persistente<\/span><\/li>\n<li style=\"font-weight: 400;\" aria-level=\"1\"><span style=\"font-weight: 400;\">perda inexplic\u00e1vel de peso<\/span><\/li>\n<li style=\"font-weight: 400;\" aria-level=\"1\"><span style=\"font-weight: 400;\">febre cont\u00ednua<\/span><\/li>\n<li style=\"font-weight: 400;\" aria-level=\"1\"><span style=\"font-weight: 400;\">dores que n\u00e3o melhoram com o tempo ou com tratamento convencional<\/span><\/li>\n<li style=\"font-weight: 400;\" aria-level=\"1\"><span style=\"font-weight: 400;\">altera\u00e7\u00f5es significativas na pele<\/span><\/li>\n<li style=\"font-weight: 400;\" aria-level=\"1\"><span style=\"font-weight: 400;\">mudan\u00e7as frequentes nos h\u00e1bitos intestinais ou urin\u00e1rios<\/span><\/li>\n<li style=\"font-weight: 400;\" aria-level=\"1\"><span style=\"font-weight: 400;\">sangramentos sem causa aparente<\/span><\/li>\n<\/ul>\n<p><span style=\"font-weight: 400;\">Esses sintomas de c\u00e2ncer<\/span><b> podem estar relacionados a outros problemas de sa\u00fade menos graves<\/b><span style=\"font-weight: 400;\">, mas \u00e9 fundamental procurar orienta\u00e7\u00e3o m\u00e9dica se persistirem.\u00a0<\/span><\/p>\n<p><span style=\"font-weight: 400;\">Dessa forma, o reconhecimento precoce e a investiga\u00e7\u00e3o m\u00e9dica imediata s\u00e3o decisivos para um diagn\u00f3stico preciso e r\u00e1pido, aumentando significativamente as chances de sucesso no tratamento.<\/span><\/p>\n<h2><b>C\u00e2ncer \u00e9 heredit\u00e1rio?<\/b><\/h2>\n<p><span style=\"font-weight: 400;\">Nem todos os c\u00e2nceres t\u00eam liga\u00e7\u00e3o direta com fatores heredit\u00e1rios, mas alguns <\/span><b>tipos espec\u00edficos podem ter um componente gen\u00e9tico que predisp\u00f5e ao c\u00e2ncer <\/b><span style=\"font-weight: 400;\">e \u00e9 transmitido nas gera\u00e7\u00f5es seguintes.\u00a0<\/span><\/p>\n<p><span style=\"font-weight: 400;\">No entanto, \u00e9 essencial compreender que todo c\u00e2ncer surge devido a altera\u00e7\u00f5es gen\u00e9ticas nas c\u00e9lulas. <\/span><\/p>\n<p><span style=\"font-weight: 400;\">Geralmente, essas altera\u00e7\u00f5es ocorrem em c\u00e9lulas som\u00e1ticas (c\u00e9lulas maduras) ao longo da vida, n\u00e3o sendo transmitidas aos descendentes.\u00a0<\/span><\/p>\n<p><span style=\"font-weight: 400;\">Apenas aquelas presentes nas c\u00e9lulas germinativas (\u00f3vulo e espermatoz\u00f3ide) s\u00e3o heredit\u00e1rias e t\u00eam potencial para predispor ao desenvolvimento de c\u00e2ncer em membros da mesma fam\u00edlia.<\/span><\/p>\n<p><span style=\"font-weight: 400;\">O c\u00e2ncer de mama e ov\u00e1rio relacionados aos genes BRCA1 e BRCA2, assim como o c\u00e2ncer colorretal heredit\u00e1rio (s\u00edndrome de Lynch), s\u00e3o exemplos de c\u00e2nceres com forte predisposi\u00e7\u00e3o familiar &#8211; ou o que podemos chamar popularmente de c\u00e2ncer heredit\u00e1rio.<\/span><\/p>\n<p><span style=\"font-weight: 400;\">Por esse motivo, pessoas com hist\u00f3rico familiar de c\u00e2ncer devem ter um acompanhamento mais frequente e especializado, realizando testes gen\u00e9ticos conforme indica\u00e7\u00e3o m\u00e9dica.\u00a0<\/span><\/p>\n<p><span style=\"font-weight: 400;\">No entanto, vale ressaltar que mesmo nesses casos de c\u00e2ncer heredit\u00e1rio, h\u00e1bitos saud\u00e1veis e exames preventivos regulares podem reduzir significativamente o risco de desenvolvimento da doen\u00e7a.<\/span><\/p>\n<h2><b>Como evitar o c\u00e2ncer ou realizar o diagn\u00f3stico precoce?<\/b><\/h2>\n<p><img decoding=\"async\" class=\"alignnone wp-image-145\" src=\"https:\/\/cromaoncologia.com.br\/blog\/wp-content\/uploads\/2025\/06\/banner-04-300x151.png\" alt=\"Uma m\u00e9dica explicando o diagn\u00f3stico de um exame m\u00e9dico.\" width=\"729\" height=\"367\" srcset=\"https:\/\/cromaoncologia.com.br\/sobre-o-cancer\/wp-content\/uploads\/2025\/06\/banner-04-300x151.png 300w, https:\/\/cromaoncologia.com.br\/sobre-o-cancer\/wp-content\/uploads\/2025\/06\/banner-04.png 658w\" sizes=\"(max-width: 729px) 100vw, 729px\" \/><\/p>\n<p><span style=\"font-weight: 400;\">O <\/span><b>diagn\u00f3stico precoce <\/b><span style=\"font-weight: 400;\">\u00e9 crucial para oferecer ao paciente um tratamento eficaz e reduzir complica\u00e7\u00f5es relacionadas ao c\u00e2ncer.\u00a0<\/span><\/p>\n<p><span style=\"font-weight: 400;\">Procure estar sempre em dia com:<\/span><\/p>\n<ul>\n<li style=\"font-weight: 400;\" aria-level=\"1\"><span style=\"font-weight: 400;\">Consultas m\u00e9dicas peri\u00f3dicas<\/span><\/li>\n<li style=\"font-weight: 400;\" aria-level=\"1\"><span style=\"font-weight: 400;\">Exames preventivos frequentes (como mamografia, colonoscopia, exame de PSA e papanicolau)<\/span><\/li>\n<\/ul>\n<p><span style=\"font-weight: 400;\">Vale destacar que alguns exames, como a colonoscopia, a colposcopia e a citologia onc\u00f3tica (exame de Papanicolau), podem detectar les\u00f5es pr\u00e9-malignas que, se identificadas e tratadas precocemente, evitam o surgimento do c\u00e2ncer.<\/span><\/p>\n<p><span style=\"font-weight: 400;\">Al\u00e9m dos cuidados m\u00e9dicos, prestar aten\u00e7\u00e3o aos sinais corporais tamb\u00e9m \u00e9 uma estrat\u00e9gia fundamental para identificar a doen\u00e7a em est\u00e1gios iniciais.\u00a0<\/span><\/p>\n<p><span style=\"font-weight: 400;\">Quanto mais cedo o c\u00e2ncer for identificado, maiores s\u00e3o as possibilidades de tratamentos menos invasivos e mais bem-sucedidos.<\/span><\/p>\n<p><span style=\"font-weight: 400;\">Nesse contexto, institui\u00e7\u00f5es especializadas como a Croma Oncologia desempenham um papel importante ao oferecer um cuidado integral e multidisciplinar desde os primeiros sinais da doen\u00e7a.\u00a0<\/span><\/p>\n<p><span style=\"font-weight: 400;\">Assim, com um acompanhamento preventivo e personalizado \u00e9 poss\u00edvel ter, al\u00e9m de um diagn\u00f3stico precoce, um acompanhamento adequado em todas as etapas da jornada oncol\u00f3gica.<\/span><\/p>\n<h2><b>A Croma Oncologia<\/b><\/h2>\n<p><span style=\"font-weight: 400;\">A <\/span><b>Croma Oncologia <\/b><span style=\"font-weight: 400;\">oferece um modelo inovador de <\/span><b>cuidado coordenado<\/b><span style=\"font-weight: 400;\">, focado no paciente e na humaniza\u00e7\u00e3o da experi\u00eancia durante toda a jornada de enfrentamento do c\u00e2ncer.\u00a0<\/span><\/p>\n<p><span style=\"font-weight: 400;\">Todo o atendimento e a <\/span><b>navega\u00e7\u00e3o oncol\u00f3gica 360\u00ba<\/b><span style=\"font-weight: 400;\"> s\u00e3o pensados para oferecer apoio completo, do diagn\u00f3stico ao p\u00f3s-tratamento.<\/span><\/p>\n<p><span style=\"font-weight: 400;\">Al\u00e9m disso, a Croma Oncologia combina tecnologia avan\u00e7ada com um modelo de cuidado integral. Uma abordagem que proporciona tratamentos eficazes, mas tamb\u00e9m um ambiente acolhedor que coloca o bem-estar emocional e f\u00edsico do paciente sempre em primeiro lugar.\u00a0<\/span><\/p>\n<p><span style=\"font-weight: 400;\">Dessa forma, refor\u00e7a seu compromisso de transformar vidas atrav\u00e9s de um <\/span><b>cuidado eficiente, personalizado e pr\u00f3ximo<\/b><span style=\"font-weight: 400;\"> \u00e0s reais necessidades de cada paciente.<\/span><\/p>\n<p><b>Conhe\u00e7a o jeito de cuidar da Croma Oncologia:<\/b><\/p>\n<div style=\"width: 640px;\" class=\"wp-video\"><video class=\"wp-video-shortcode\" id=\"video-93-1\" width=\"640\" height=\"360\" preload=\"metadata\" controls=\"controls\"><source type=\"video\/mp4\" src=\"https:\/\/cromaoncologia.com.br\/wp-content\/uploads\/2024\/11\/6.mp4?_=1\" \/><a href=\"https:\/\/cromaoncologia.com.br\/wp-content\/uploads\/2024\/11\/6.mp4\">https:\/\/cromaoncologia.com.br\/wp-content\/uploads\/2024\/11\/6.mp4<\/a><\/video><\/div>\n<h2><b>Conclus\u00e3o<\/b><\/h2>\n<p><span style=\"font-weight: 400;\">Conhecer os <\/span><b>tipos de c\u00e2ncer mais graves<\/b><span style=\"font-weight: 400;\">, entender seus sintomas e reconhecer os sinais de alerta s\u00e3o passos importantes para a identifica\u00e7\u00e3o precoce da doen\u00e7a.\u00a0<\/span><\/p>\n<p><span style=\"font-weight: 400;\">N\u00e3o \u00e9 \u00e0 toa que muito se fala em diagn\u00f3stico antecipado: al\u00e9m de aumentar significativamente as chances de sucesso nos tratamentos, a preven\u00e7\u00e3o torna a jornada do paciente e de seus familiares um pouco mais tranquila.<\/span><\/p>\n<p><span style=\"font-weight: 400;\">Outro aspecto importante da preven\u00e7\u00e3o s\u00e3o os <\/span><b>h\u00e1bitos de vida saud\u00e1veis<\/b><span style=\"font-weight: 400;\">, que desempenham papel essencial na redu\u00e7\u00e3o dos riscos. Pequenas mudan\u00e7as na rotina e estilo de vida podem ter um grande impacto na sa\u00fade a longo prazo e na qualidade de vida.<\/span><\/p>\n<p><span style=\"font-weight: 400;\">A <\/span><b>conscientiza\u00e7\u00e3o <\/b><span style=\"font-weight: 400;\">\u00e9 a melhor estrat\u00e9gia para lidar com o c\u00e2ncer. <\/span><\/p>\n<p><span style=\"font-weight: 400;\">Afinal, \u00e9 por meio dela que a preven\u00e7\u00e3o e o diagn\u00f3stico precoce podem ser a\u00e7\u00f5es poderosas capazes de transformar vidas.<\/span><\/p>\n","protected":false},"excerpt":{"rendered":"<p>Tipos de c\u00e2ncer: entenda as diferen\u00e7as Ap\u00f3s um exame de rotina, a not\u00edcia preocupante: havia suspeita de c\u00e2ncer. \u00c9 assim que, de repente, milhares de pessoas s\u00e3o lan\u00e7adas em uma jornada repleta de d\u00favidas, ang\u00fastias e incertezas. Entender claramente quais s\u00e3o os tipos de c\u00e2ncer e como identific\u00e1-los rapidamente pode ser decisivo nesse momento t\u00e3o [&hellip;]<\/p>\n","protected":false},"author":8,"featured_media":142,"comment_status":"open","ping_status":"open","sticky":false,"template":"","format":"standard","meta":{"_acf_changed":false,"om_disable_all_campaigns":false,"_monsterinsights_skip_tracking":false,"_monsterinsights_sitenote_active":false,"_monsterinsights_sitenote_note":"","_monsterinsights_sitenote_category":0,"footnotes":""},"categories":[3],"tags":[],"class_list":["post-93","post","type-post","status-publish","format-standard","has-post-thumbnail","hentry","category-diagnostico"],"acf":[],"aioseo_notices":[],"_links":{"self":[{"href":"https:\/\/cromaoncologia.com.br\/sobre-o-cancer\/wp-json\/wp\/v2\/posts\/93","targetHints":{"allow":["GET"]}}],"collection":[{"href":"https:\/\/cromaoncologia.com.br\/sobre-o-cancer\/wp-json\/wp\/v2\/posts"}],"about":[{"href":"https:\/\/cromaoncologia.com.br\/sobre-o-cancer\/wp-json\/wp\/v2\/types\/post"}],"author":[{"embeddable":true,"href":"https:\/\/cromaoncologia.com.br\/sobre-o-cancer\/wp-json\/wp\/v2\/users\/8"}],"replies":[{"embeddable":true,"href":"https:\/\/cromaoncologia.com.br\/sobre-o-cancer\/wp-json\/wp\/v2\/comments?post=93"}],"version-history":[{"count":22,"href":"https:\/\/cromaoncologia.com.br\/sobre-o-cancer\/wp-json\/wp\/v2\/posts\/93\/revisions"}],"predecessor-version":[{"id":442,"href":"https:\/\/cromaoncologia.com.br\/sobre-o-cancer\/wp-json\/wp\/v2\/posts\/93\/revisions\/442"}],"wp:featuredmedia":[{"embeddable":true,"href":"https:\/\/cromaoncologia.com.br\/sobre-o-cancer\/wp-json\/wp\/v2\/media\/142"}],"wp:attachment":[{"href":"https:\/\/cromaoncologia.com.br\/sobre-o-cancer\/wp-json\/wp\/v2\/media?parent=93"}],"wp:term":[{"taxonomy":"category","embeddable":true,"href":"https:\/\/cromaoncologia.com.br\/sobre-o-cancer\/wp-json\/wp\/v2\/categories?post=93"},{"taxonomy":"post_tag","embeddable":true,"href":"https:\/\/cromaoncologia.com.br\/sobre-o-cancer\/wp-json\/wp\/v2\/tags?post=93"}],"curies":[{"name":"wp","href":"https:\/\/api.w.org\/{rel}","templated":true}]}}